{"id":1951,"date":"2020-09-08T20:05:16","date_gmt":"2020-09-08T20:05:16","guid":{"rendered":"https:\/\/aemoda.com\/nueva\/3rd-national-congress-of-masters-and-operators-of-mills-digital-edition\/"},"modified":"2020-09-08T20:05:16","modified_gmt":"2020-09-08T20:05:16","slug":"3rd-national-congress-of-masters-and-operators-of-mills-digital-edition","status":"publish","type":"post","link":"https:\/\/aemoda.com\/en\/3rd-national-congress-of-masters-and-operators-of-mills-digital-edition\/","title":{"rendered":"3RD NATIONAL CONGRESS OF MASTERS AND OPERATORS OF MILLS | DIGITAL EDITION"},"content":{"rendered":"<h2 class=\"entry-title fusion-post-title fusion-responsive-typography-calculated\" data-fontsize=\"18\" data-lineheight=\"27px\">3RD NATIONAL CONGRESS OF MASTERS AND OPERATORS OF MILLS | DIGITAL EDITION<\/h2>\n<div class=\"post-content\">\n<p><strong>DATE: SATURDAY, 19 SEPTEMBER 2020.<\/strong><\/p>\n<p>Programme<\/p>\n<p>10:30 &#8211; 10:40 Opening ceremony<\/p>\n<p>10:40 &#8211; 11:05 <strong><em>Present and future of the master miller at national and international level.<\/em><\/strong><br \/>\n<strong>Juan Vilar,<\/strong> strategic consultant<\/p>\n<p>Sponsored by: HERPASUR<\/p>\n<p>11:05 &#8211; 11:35 <strong><em>Round table discussion<\/em><\/strong><br \/>\n<em>(Speaker to be confirmed)<\/em><\/p>\n<p>11:35 &#8211; 12:00 <strong><em>Advances in olive mill automation.<\/em><\/strong><br \/>\n<strong>Javier G\u00e1mez,<\/strong> Associate Lecturer at the University of Ja\u00e9n<\/p>\n<p>12:00 \u2013 12:30 <strong><em>Mesa redonda<\/em><\/strong><br \/>\n<em>(Speaker to be confirmed)<\/em><\/p>\n<p>12:30 DRAWING &#8211; City of \u00dabeda<\/p>\n<p>&nbsp;<\/p>\n<p><strong>FECHA: S\u00c1BADO, 26 SEPTIEMBRE DE 2020.<\/strong><\/p>\n<p>Programme<\/p>\n<p>10:30 &#8211; 10:40 Opening ceremony<\/p>\n<p>10:40 &#8211; 11:05 <strong><em>Washing the olive: relevance and consequences<\/em><\/strong><br \/>\n<strong>Alfonso Monta\u00f1o,<\/strong> R&amp;D&amp;I Project Manager at the Agri-Food Technology Centre of Extremadura (CTAEX).<\/p>\n<p>11:05 &#8211; 11:35 <strong><em>Round table discussion<\/em><\/strong><br \/>\n<strong>Crist\u00f3bal Balboa,<\/strong> Master of the Cooperativa Stmo. Christ of Mercy. Manuel Jim\u00e9nez, Master and Production Manager of Ole\u00edcola San Francisco<\/p>\n<p>11:35 \u2013 12:00 <strong><em>How will the mill be transformed? New steps towards quality<\/em><\/strong><br \/>\n<strong>Gabriel Beltr\u00e1n Maza,<\/strong> Senior Researcher at IFAPA Venta del Llano<\/p>\n<p>12:00 &#8211; 12:30 <strong><em>Round table discussion<\/em><\/strong><br \/>\n<em>(Speaker to be confirmed)<\/em><\/p>\n<p>12:30 &#8211; 12:40 DRAWING &#8211; City of \u00dabeda<\/p>\n<p>12:40 Closing<\/p>\n<div class=\"wp-block-image\"><\/div>\n<\/div>\n","protected":false},"excerpt":{"rendered":"<p>3RD NATIONAL CONGRESS OF MASTERS AND OPERATORS OF MILLS | DIGITAL EDITION DATE: SATURDAY, 19 SEPTEMBER 2020. Programme 10:30 &#8211; 10:40 Opening ceremony 10:40 &#8211; 11:05 Present and future of the master miller at national and international level. Juan Vilar, strategic consultant Sponsored by: HERPASUR 11:05 &#8211; 11:35 Round table discussion (Speaker to be confirmed) [&hellip;]<\/p>\n","protected":false},"author":1,"featured_media":273,"comment_status":"closed","ping_status":"closed","sticky":false,"template":"","format":"standard","meta":{"_et_pb_use_builder":"","_et_pb_old_content":"","_et_gb_content_width":"","ngg_post_thumbnail":0,"footnotes":""},"categories":[],"tags":[],"class_list":["post-1951","post","type-post","status-publish","format-standard","has-post-thumbnail","hentry"],"yoast_head":"<!-- This site is optimized with the Yoast SEO plugin v23.1 - https:\/\/yoast.com\/wordpress\/plugins\/seo\/ -->\n<title>3RD NATIONAL CONGRESS OF MASTERS AND OPERATORS OF MILLS | DIGITAL EDITION - AEMODA<\/title>\n<meta name=\"robots\" content=\"index, follow, max-snippet:-1, max-image-preview:large, max-video-preview:-1\" \/>\n<link rel=\"canonical\" href=\"https:\/\/aemoda.com\/en\/3rd-national-congress-of-masters-and-operators-of-mills-digital-edition\/\" \/>\n<meta property=\"og:locale\" content=\"en_US\" \/>\n<meta property=\"og:type\" content=\"article\" \/>\n<meta property=\"og:title\" content=\"3RD NATIONAL CONGRESS OF MASTERS AND OPERATORS OF MILLS | DIGITAL EDITION - AEMODA\" \/>\n<meta property=\"og:description\" content=\"3RD NATIONAL CONGRESS OF MASTERS AND OPERATORS OF MILLS | DIGITAL EDITION DATE: SATURDAY, 19 SEPTEMBER 2020. Programme 10:30 &#8211; 10:40 Opening ceremony 10:40 &#8211; 11:05 Present and future of the master miller at national and international level. Juan Vilar, strategic consultant Sponsored by: HERPASUR 11:05 &#8211; 11:35 Round table discussion (Speaker to be confirmed) [&hellip;]\" \/>\n<meta property=\"og:url\" content=\"https:\/\/aemoda.com\/en\/3rd-national-congress-of-masters-and-operators-of-mills-digital-edition\/\" \/>\n<meta property=\"og:site_name\" content=\"AEMODA\" \/>\n<meta property=\"article:publisher\" content=\"https:\/\/www.facebook.com\/profile.php?id=100055135007306\" \/>\n<meta property=\"article:published_time\" content=\"2020-09-08T20:05:16+00:00\" \/>\n<meta property=\"og:image\" content=\"https:\/\/aemoda.com\/wp-content\/uploads\/2023\/04\/III-CONGRESO-NACIONAL-ED.-DIG-scaled.jpg\" \/>\n\t<meta property=\"og:image:width\" content=\"1854\" \/>\n\t<meta property=\"og:image:height\" content=\"2560\" \/>\n\t<meta property=\"og:image:type\" content=\"image\/jpeg\" \/>\n<meta name=\"author\" content=\"gestor\" \/>\n<meta name=\"twitter:card\" content=\"summary_large_image\" \/>\n<meta name=\"twitter:label1\" content=\"Written by\" \/>\n\t<meta name=\"twitter:data1\" content=\"gestor\" \/>\n\t<meta name=\"twitter:label2\" content=\"Est. reading time\" \/>\n\t<meta name=\"twitter:data2\" content=\"1 minute\" \/>\n<script type=\"application\/ld+json\" class=\"yoast-schema-graph\">{\"@context\":\"https:\/\/schema.org\",\"@graph\":[{\"@type\":\"Article\",\"@id\":\"https:\/\/aemoda.com\/en\/3rd-national-congress-of-masters-and-operators-of-mills-digital-edition\/#article\",\"isPartOf\":{\"@id\":\"https:\/\/aemoda.com\/en\/3rd-national-congress-of-masters-and-operators-of-mills-digital-edition\/\"},\"author\":{\"name\":\"gestor\",\"@id\":\"https:\/\/aemoda.com\/en\/#\/schema\/person\/24b7d684912e523729541c94a08ae16e\"},\"headline\":\"3RD NATIONAL CONGRESS OF MASTERS AND OPERATORS OF MILLS | DIGITAL EDITION\",\"datePublished\":\"2020-09-08T20:05:16+00:00\",\"dateModified\":\"2020-09-08T20:05:16+00:00\",\"mainEntityOfPage\":{\"@id\":\"https:\/\/aemoda.com\/en\/3rd-national-congress-of-masters-and-operators-of-mills-digital-edition\/\"},\"wordCount\":183,\"publisher\":{\"@id\":\"https:\/\/aemoda.com\/en\/#organization\"},\"image\":{\"@id\":\"https:\/\/aemoda.com\/en\/3rd-national-congress-of-masters-and-operators-of-mills-digital-edition\/#primaryimage\"},\"thumbnailUrl\":\"https:\/\/aemoda.com\/wp-content\/uploads\/2023\/04\/III-CONGRESO-NACIONAL-ED.-DIG-scaled.jpg\",\"inLanguage\":\"en-US\"},{\"@type\":\"WebPage\",\"@id\":\"https:\/\/aemoda.com\/en\/3rd-national-congress-of-masters-and-operators-of-mills-digital-edition\/\",\"url\":\"https:\/\/aemoda.com\/en\/3rd-national-congress-of-masters-and-operators-of-mills-digital-edition\/\",\"name\":\"3RD NATIONAL CONGRESS OF MASTERS AND OPERATORS OF MILLS | DIGITAL EDITION - AEMODA\",\"isPartOf\":{\"@id\":\"https:\/\/aemoda.com\/en\/#website\"},\"primaryImageOfPage\":{\"@id\":\"https:\/\/aemoda.com\/en\/3rd-national-congress-of-masters-and-operators-of-mills-digital-edition\/#primaryimage\"},\"image\":{\"@id\":\"https:\/\/aemoda.com\/en\/3rd-national-congress-of-masters-and-operators-of-mills-digital-edition\/#primaryimage\"},\"thumbnailUrl\":\"https:\/\/aemoda.com\/wp-content\/uploads\/2023\/04\/III-CONGRESO-NACIONAL-ED.-DIG-scaled.jpg\",\"datePublished\":\"2020-09-08T20:05:16+00:00\",\"dateModified\":\"2020-09-08T20:05:16+00:00\",\"breadcrumb\":{\"@id\":\"https:\/\/aemoda.com\/en\/3rd-national-congress-of-masters-and-operators-of-mills-digital-edition\/#breadcrumb\"},\"inLanguage\":\"en-US\",\"potentialAction\":[{\"@type\":\"ReadAction\",\"target\":[\"https:\/\/aemoda.com\/en\/3rd-national-congress-of-masters-and-operators-of-mills-digital-edition\/\"]}]},{\"@type\":\"ImageObject\",\"inLanguage\":\"en-US\",\"@id\":\"https:\/\/aemoda.com\/en\/3rd-national-congress-of-masters-and-operators-of-mills-digital-edition\/#primaryimage\",\"url\":\"https:\/\/aemoda.com\/wp-content\/uploads\/2023\/04\/III-CONGRESO-NACIONAL-ED.-DIG-scaled.jpg\",\"contentUrl\":\"https:\/\/aemoda.com\/wp-content\/uploads\/2023\/04\/III-CONGRESO-NACIONAL-ED.-DIG-scaled.jpg\",\"width\":1854,\"height\":2560},{\"@type\":\"BreadcrumbList\",\"@id\":\"https:\/\/aemoda.com\/en\/3rd-national-congress-of-masters-and-operators-of-mills-digital-edition\/#breadcrumb\",\"itemListElement\":[{\"@type\":\"ListItem\",\"position\":1,\"name\":\"Portada\",\"item\":\"https:\/\/aemoda.com\/en\/home\/\"},{\"@type\":\"ListItem\",\"position\":2,\"name\":\"3RD NATIONAL CONGRESS OF MASTERS AND OPERATORS OF MILLS | DIGITAL EDITION\"}]},{\"@type\":\"WebSite\",\"@id\":\"https:\/\/aemoda.com\/en\/#website\",\"url\":\"https:\/\/aemoda.com\/en\/\",\"name\":\"AEMODA\",\"description\":\"Asociaci\u00f3n Espa\u00f1ola de Maestros y Operarios de Almazara\",\"publisher\":{\"@id\":\"https:\/\/aemoda.com\/en\/#organization\"},\"alternateName\":\"Asociaci\u00f3n Espa\u00f1ola de Maestros y Operarios de Almazara\",\"potentialAction\":[{\"@type\":\"SearchAction\",\"target\":{\"@type\":\"EntryPoint\",\"urlTemplate\":\"https:\/\/aemoda.com\/en\/?s={search_term_string}\"},\"query-input\":\"required name=search_term_string\"}],\"inLanguage\":\"en-US\"},{\"@type\":\"Organization\",\"@id\":\"https:\/\/aemoda.com\/en\/#organization\",\"name\":\"AEMODA, Asociaci\u00f3n Espa\u00f1ola de Maestros y Operarios de Almazara\",\"alternateName\":\"Asociaci\u00f3n Espa\u00f1ola de Maestros y Operarios de Almazara\",\"url\":\"https:\/\/aemoda.com\/en\/\",\"logo\":{\"@type\":\"ImageObject\",\"inLanguage\":\"en-US\",\"@id\":\"https:\/\/aemoda.com\/en\/#\/schema\/logo\/image\/\",\"url\":\"https:\/\/aemoda.com\/wp-content\/uploads\/2023\/04\/logo_3-removebg-preview.png\",\"contentUrl\":\"https:\/\/aemoda.com\/wp-content\/uploads\/2023\/04\/logo_3-removebg-preview.png\",\"width\":816,\"height\":306,\"caption\":\"AEMODA, Asociaci\u00f3n Espa\u00f1ola de Maestros y Operarios de Almazara\"},\"image\":{\"@id\":\"https:\/\/aemoda.com\/en\/#\/schema\/logo\/image\/\"},\"sameAs\":[\"https:\/\/www.facebook.com\/profile.php?id=100055135007306\"]},{\"@type\":\"Person\",\"@id\":\"https:\/\/aemoda.com\/en\/#\/schema\/person\/24b7d684912e523729541c94a08ae16e\",\"name\":\"gestor\",\"image\":{\"@type\":\"ImageObject\",\"inLanguage\":\"en-US\",\"@id\":\"https:\/\/aemoda.com\/en\/#\/schema\/person\/image\/\",\"url\":\"https:\/\/secure.gravatar.com\/avatar\/aa1309c942c4e5f1bd49e72ada90cf604957fe4abac30a61235a580a9e4884f9?s=96&d=mm&r=g\",\"contentUrl\":\"https:\/\/secure.gravatar.com\/avatar\/aa1309c942c4e5f1bd49e72ada90cf604957fe4abac30a61235a580a9e4884f9?s=96&d=mm&r=g\",\"caption\":\"gestor\"},\"sameAs\":[\"https:\/\/aemoda.com\/nueva\"],\"url\":\"https:\/\/aemoda.com\/en\/author\/gestor\/\"}]}<\/script>\n<!-- \/ Yoast SEO plugin. -->","yoast_head_json":{"title":"3RD NATIONAL CONGRESS OF MASTERS AND OPERATORS OF MILLS | DIGITAL EDITION - AEMODA","robots":{"index":"index","follow":"follow","max-snippet":"max-snippet:-1","max-image-preview":"max-image-preview:large","max-video-preview":"max-video-preview:-1"},"canonical":"https:\/\/aemoda.com\/en\/3rd-national-congress-of-masters-and-operators-of-mills-digital-edition\/","og_locale":"en_US","og_type":"article","og_title":"3RD NATIONAL CONGRESS OF MASTERS AND OPERATORS OF MILLS | DIGITAL EDITION - AEMODA","og_description":"3RD NATIONAL CONGRESS OF MASTERS AND OPERATORS OF MILLS | DIGITAL EDITION DATE: SATURDAY, 19 SEPTEMBER 2020. Programme 10:30 &#8211; 10:40 Opening ceremony 10:40 &#8211; 11:05 Present and future of the master miller at national and international level. Juan Vilar, strategic consultant Sponsored by: HERPASUR 11:05 &#8211; 11:35 Round table discussion (Speaker to be confirmed) [&hellip;]","og_url":"https:\/\/aemoda.com\/en\/3rd-national-congress-of-masters-and-operators-of-mills-digital-edition\/","og_site_name":"AEMODA","article_publisher":"https:\/\/www.facebook.com\/profile.php?id=100055135007306","article_published_time":"2020-09-08T20:05:16+00:00","og_image":[{"width":1854,"height":2560,"url":"https:\/\/aemoda.com\/wp-content\/uploads\/2023\/04\/III-CONGRESO-NACIONAL-ED.-DIG-scaled.jpg","type":"image\/jpeg"}],"author":"gestor","twitter_card":"summary_large_image","twitter_misc":{"Written by":"gestor","Est. reading time":"1 minute"},"schema":{"@context":"https:\/\/schema.org","@graph":[{"@type":"Article","@id":"https:\/\/aemoda.com\/en\/3rd-national-congress-of-masters-and-operators-of-mills-digital-edition\/#article","isPartOf":{"@id":"https:\/\/aemoda.com\/en\/3rd-national-congress-of-masters-and-operators-of-mills-digital-edition\/"},"author":{"name":"gestor","@id":"https:\/\/aemoda.com\/en\/#\/schema\/person\/24b7d684912e523729541c94a08ae16e"},"headline":"3RD NATIONAL CONGRESS OF MASTERS AND OPERATORS OF MILLS | DIGITAL EDITION","datePublished":"2020-09-08T20:05:16+00:00","dateModified":"2020-09-08T20:05:16+00:00","mainEntityOfPage":{"@id":"https:\/\/aemoda.com\/en\/3rd-national-congress-of-masters-and-operators-of-mills-digital-edition\/"},"wordCount":183,"publisher":{"@id":"https:\/\/aemoda.com\/en\/#organization"},"image":{"@id":"https:\/\/aemoda.com\/en\/3rd-national-congress-of-masters-and-operators-of-mills-digital-edition\/#primaryimage"},"thumbnailUrl":"https:\/\/aemoda.com\/wp-content\/uploads\/2023\/04\/III-CONGRESO-NACIONAL-ED.-DIG-scaled.jpg","inLanguage":"en-US"},{"@type":"WebPage","@id":"https:\/\/aemoda.com\/en\/3rd-national-congress-of-masters-and-operators-of-mills-digital-edition\/","url":"https:\/\/aemoda.com\/en\/3rd-national-congress-of-masters-and-operators-of-mills-digital-edition\/","name":"3RD NATIONAL CONGRESS OF MASTERS AND OPERATORS OF MILLS | DIGITAL EDITION - AEMODA","isPartOf":{"@id":"https:\/\/aemoda.com\/en\/#website"},"primaryImageOfPage":{"@id":"https:\/\/aemoda.com\/en\/3rd-national-congress-of-masters-and-operators-of-mills-digital-edition\/#primaryimage"},"image":{"@id":"https:\/\/aemoda.com\/en\/3rd-national-congress-of-masters-and-operators-of-mills-digital-edition\/#primaryimage"},"thumbnailUrl":"https:\/\/aemoda.com\/wp-content\/uploads\/2023\/04\/III-CONGRESO-NACIONAL-ED.-DIG-scaled.jpg","datePublished":"2020-09-08T20:05:16+00:00","dateModified":"2020-09-08T20:05:16+00:00","breadcrumb":{"@id":"https:\/\/aemoda.com\/en\/3rd-national-congress-of-masters-and-operators-of-mills-digital-edition\/#breadcrumb"},"inLanguage":"en-US","potentialAction":[{"@type":"ReadAction","target":["https:\/\/aemoda.com\/en\/3rd-national-congress-of-masters-and-operators-of-mills-digital-edition\/"]}]},{"@type":"ImageObject","inLanguage":"en-US","@id":"https:\/\/aemoda.com\/en\/3rd-national-congress-of-masters-and-operators-of-mills-digital-edition\/#primaryimage","url":"https:\/\/aemoda.com\/wp-content\/uploads\/2023\/04\/III-CONGRESO-NACIONAL-ED.-DIG-scaled.jpg","contentUrl":"https:\/\/aemoda.com\/wp-content\/uploads\/2023\/04\/III-CONGRESO-NACIONAL-ED.-DIG-scaled.jpg","width":1854,"height":2560},{"@type":"BreadcrumbList","@id":"https:\/\/aemoda.com\/en\/3rd-national-congress-of-masters-and-operators-of-mills-digital-edition\/#breadcrumb","itemListElement":[{"@type":"ListItem","position":1,"name":"Portada","item":"https:\/\/aemoda.com\/en\/home\/"},{"@type":"ListItem","position":2,"name":"3RD NATIONAL CONGRESS OF MASTERS AND OPERATORS OF MILLS | DIGITAL EDITION"}]},{"@type":"WebSite","@id":"https:\/\/aemoda.com\/en\/#website","url":"https:\/\/aemoda.com\/en\/","name":"AEMODA","description":"Asociaci\u00f3n Espa\u00f1ola de Maestros y Operarios de Almazara","publisher":{"@id":"https:\/\/aemoda.com\/en\/#organization"},"alternateName":"Asociaci\u00f3n Espa\u00f1ola de Maestros y Operarios de Almazara","potentialAction":[{"@type":"SearchAction","target":{"@type":"EntryPoint","urlTemplate":"https:\/\/aemoda.com\/en\/?s={search_term_string}"},"query-input":"required name=search_term_string"}],"inLanguage":"en-US"},{"@type":"Organization","@id":"https:\/\/aemoda.com\/en\/#organization","name":"AEMODA, Asociaci\u00f3n Espa\u00f1ola de Maestros y Operarios de Almazara","alternateName":"Asociaci\u00f3n Espa\u00f1ola de Maestros y Operarios de Almazara","url":"https:\/\/aemoda.com\/en\/","logo":{"@type":"ImageObject","inLanguage":"en-US","@id":"https:\/\/aemoda.com\/en\/#\/schema\/logo\/image\/","url":"https:\/\/aemoda.com\/wp-content\/uploads\/2023\/04\/logo_3-removebg-preview.png","contentUrl":"https:\/\/aemoda.com\/wp-content\/uploads\/2023\/04\/logo_3-removebg-preview.png","width":816,"height":306,"caption":"AEMODA, Asociaci\u00f3n Espa\u00f1ola de Maestros y Operarios de Almazara"},"image":{"@id":"https:\/\/aemoda.com\/en\/#\/schema\/logo\/image\/"},"sameAs":["https:\/\/www.facebook.com\/profile.php?id=100055135007306"]},{"@type":"Person","@id":"https:\/\/aemoda.com\/en\/#\/schema\/person\/24b7d684912e523729541c94a08ae16e","name":"gestor","image":{"@type":"ImageObject","inLanguage":"en-US","@id":"https:\/\/aemoda.com\/en\/#\/schema\/person\/image\/","url":"https:\/\/secure.gravatar.com\/avatar\/aa1309c942c4e5f1bd49e72ada90cf604957fe4abac30a61235a580a9e4884f9?s=96&d=mm&r=g","contentUrl":"https:\/\/secure.gravatar.com\/avatar\/aa1309c942c4e5f1bd49e72ada90cf604957fe4abac30a61235a580a9e4884f9?s=96&d=mm&r=g","caption":"gestor"},"sameAs":["https:\/\/aemoda.com\/nueva"],"url":"https:\/\/aemoda.com\/en\/author\/gestor\/"}]}},"_links":{"self":[{"href":"https:\/\/aemoda.com\/en\/wp-json\/wp\/v2\/posts\/1951","targetHints":{"allow":["GET"]}}],"collection":[{"href":"https:\/\/aemoda.com\/en\/wp-json\/wp\/v2\/posts"}],"about":[{"href":"https:\/\/aemoda.com\/en\/wp-json\/wp\/v2\/types\/post"}],"author":[{"embeddable":true,"href":"https:\/\/aemoda.com\/en\/wp-json\/wp\/v2\/users\/1"}],"replies":[{"embeddable":true,"href":"https:\/\/aemoda.com\/en\/wp-json\/wp\/v2\/comments?post=1951"}],"version-history":[{"count":0,"href":"https:\/\/aemoda.com\/en\/wp-json\/wp\/v2\/posts\/1951\/revisions"}],"wp:featuredmedia":[{"embeddable":true,"href":"https:\/\/aemoda.com\/en\/wp-json\/wp\/v2\/media\/273"}],"wp:attachment":[{"href":"https:\/\/aemoda.com\/en\/wp-json\/wp\/v2\/media?parent=1951"}],"wp:term":[{"taxonomy":"category","embeddable":true,"href":"https:\/\/aemoda.com\/en\/wp-json\/wp\/v2\/categories?post=1951"},{"taxonomy":"post_tag","embeddable":true,"href":"https:\/\/aemoda.com\/en\/wp-json\/wp\/v2\/tags?post=1951"}],"curies":[{"name":"wp","href":"https:\/\/api.w.org\/{rel}","templated":true}]}}