{"id":1960,"date":"2015-09-04T15:54:33","date_gmt":"2015-09-04T15:54:33","guid":{"rendered":"https:\/\/aemoda.com\/nueva\/new-conference-on-the-prevention-of-esters-in-aoves\/"},"modified":"2015-09-04T15:54:33","modified_gmt":"2015-09-04T15:54:33","slug":"new-conference-on-the-prevention-of-esters-in-aoves","status":"publish","type":"post","link":"https:\/\/aemoda.com\/en\/new-conference-on-the-prevention-of-esters-in-aoves\/","title":{"rendered":"New conference on the prevention of Esters in AOVES"},"content":{"rendered":"<h2 class=\"entry-title fusion-post-title fusion-responsive-typography-calculated\" data-fontsize=\"18\" data-lineheight=\"27px\"><span style=\"color: #666666; font-size: 14px;\">Dear Partners.<\/span><\/h2>\n<div class=\"post-content\">\n<p>We would like to inform you about the conferences that are going to be held on the prevention of Esters in AOVES, the first ones will be on the 8th of September in Loja (Granada), on the 10th of September in the D.O. of Sierra Magina and on the 15th in Montoro, for all of them it is essential to register for a better organisation of the same.<\/p>\n<p>Soon we will be informing you about the ones that are still pending dates and that will be held in Castell\u00f3n, Almer\u00eda, Badajoz and Ciudad Real.<\/p>\n<\/div>\n","protected":false},"excerpt":{"rendered":"<p>Dear Partners. We would like to inform you about the conferences that are going to be held on the prevention of Esters in AOVES, the first ones will be on the 8th of September in Loja (Granada), on the 10th of September in the D.O. of Sierra Magina and on the 15th in Montoro, for [&hellip;]<\/p>\n","protected":false},"author":1,"featured_media":0,"comment_status":"closed","ping_status":"closed","sticky":false,"template":"","format":"standard","meta":{"_et_pb_use_builder":"","_et_pb_old_content":"","_et_gb_content_width":"","ngg_post_thumbnail":0,"footnotes":""},"categories":[],"tags":[],"class_list":["post-1960","post","type-post","status-publish","format-standard","hentry"],"yoast_head":"<!-- This site is optimized with the Yoast SEO plugin v23.1 - https:\/\/yoast.com\/wordpress\/plugins\/seo\/ -->\n<title>New conference on the prevention of Esters in AOVES - AEMODA<\/title>\n<meta name=\"robots\" content=\"index, follow, max-snippet:-1, max-image-preview:large, max-video-preview:-1\" \/>\n<link rel=\"canonical\" href=\"https:\/\/aemoda.com\/en\/new-conference-on-the-prevention-of-esters-in-aoves\/\" \/>\n<meta property=\"og:locale\" content=\"en_US\" \/>\n<meta property=\"og:type\" content=\"article\" \/>\n<meta property=\"og:title\" content=\"New conference on the prevention of Esters in AOVES - AEMODA\" \/>\n<meta property=\"og:description\" content=\"Dear Partners. We would like to inform you about the conferences that are going to be held on the prevention of Esters in AOVES, the first ones will be on the 8th of September in Loja (Granada), on the 10th of September in the D.O. of Sierra Magina and on the 15th in Montoro, for [&hellip;]\" \/>\n<meta property=\"og:url\" content=\"https:\/\/aemoda.com\/en\/new-conference-on-the-prevention-of-esters-in-aoves\/\" \/>\n<meta property=\"og:site_name\" content=\"AEMODA\" \/>\n<meta property=\"article:publisher\" content=\"https:\/\/www.facebook.com\/profile.php?id=100055135007306\" \/>\n<meta property=\"article:published_time\" content=\"2015-09-04T15:54:33+00:00\" \/>\n<meta property=\"og:image\" content=\"https:\/\/aemoda.com\/wp-content\/uploads\/2023\/04\/cropped-emoticono.jpg\" \/>\n\t<meta property=\"og:image:width\" content=\"512\" \/>\n\t<meta property=\"og:image:height\" content=\"512\" \/>\n\t<meta property=\"og:image:type\" content=\"image\/jpeg\" \/>\n<meta name=\"author\" content=\"gestor\" \/>\n<meta name=\"twitter:card\" content=\"summary_large_image\" \/>\n<meta name=\"twitter:label1\" content=\"Written by\" \/>\n\t<meta name=\"twitter:data1\" content=\"gestor\" \/>\n<script type=\"application\/ld+json\" class=\"yoast-schema-graph\">{\"@context\":\"https:\/\/schema.org\",\"@graph\":[{\"@type\":\"Article\",\"@id\":\"https:\/\/aemoda.com\/en\/new-conference-on-the-prevention-of-esters-in-aoves\/#article\",\"isPartOf\":{\"@id\":\"https:\/\/aemoda.com\/en\/new-conference-on-the-prevention-of-esters-in-aoves\/\"},\"author\":{\"name\":\"gestor\",\"@id\":\"https:\/\/aemoda.com\/en\/#\/schema\/person\/24b7d684912e523729541c94a08ae16e\"},\"headline\":\"New conference on the prevention of Esters in AOVES\",\"datePublished\":\"2015-09-04T15:54:33+00:00\",\"dateModified\":\"2015-09-04T15:54:33+00:00\",\"mainEntityOfPage\":{\"@id\":\"https:\/\/aemoda.com\/en\/new-conference-on-the-prevention-of-esters-in-aoves\/\"},\"wordCount\":108,\"publisher\":{\"@id\":\"https:\/\/aemoda.com\/en\/#organization\"},\"inLanguage\":\"en-US\"},{\"@type\":\"WebPage\",\"@id\":\"https:\/\/aemoda.com\/en\/new-conference-on-the-prevention-of-esters-in-aoves\/\",\"url\":\"https:\/\/aemoda.com\/en\/new-conference-on-the-prevention-of-esters-in-aoves\/\",\"name\":\"New conference on the prevention of Esters in AOVES - AEMODA\",\"isPartOf\":{\"@id\":\"https:\/\/aemoda.com\/en\/#website\"},\"datePublished\":\"2015-09-04T15:54:33+00:00\",\"dateModified\":\"2015-09-04T15:54:33+00:00\",\"breadcrumb\":{\"@id\":\"https:\/\/aemoda.com\/en\/new-conference-on-the-prevention-of-esters-in-aoves\/#breadcrumb\"},\"inLanguage\":\"en-US\",\"potentialAction\":[{\"@type\":\"ReadAction\",\"target\":[\"https:\/\/aemoda.com\/en\/new-conference-on-the-prevention-of-esters-in-aoves\/\"]}]},{\"@type\":\"BreadcrumbList\",\"@id\":\"https:\/\/aemoda.com\/en\/new-conference-on-the-prevention-of-esters-in-aoves\/#breadcrumb\",\"itemListElement\":[{\"@type\":\"ListItem\",\"position\":1,\"name\":\"Portada\",\"item\":\"https:\/\/aemoda.com\/en\/home\/\"},{\"@type\":\"ListItem\",\"position\":2,\"name\":\"New conference on the prevention of Esters in AOVES\"}]},{\"@type\":\"WebSite\",\"@id\":\"https:\/\/aemoda.com\/en\/#website\",\"url\":\"https:\/\/aemoda.com\/en\/\",\"name\":\"AEMODA\",\"description\":\"Asociaci\u00f3n Espa\u00f1ola de Maestros y Operarios de Almazara\",\"publisher\":{\"@id\":\"https:\/\/aemoda.com\/en\/#organization\"},\"alternateName\":\"Asociaci\u00f3n Espa\u00f1ola de Maestros y Operarios de Almazara\",\"potentialAction\":[{\"@type\":\"SearchAction\",\"target\":{\"@type\":\"EntryPoint\",\"urlTemplate\":\"https:\/\/aemoda.com\/en\/?s={search_term_string}\"},\"query-input\":\"required name=search_term_string\"}],\"inLanguage\":\"en-US\"},{\"@type\":\"Organization\",\"@id\":\"https:\/\/aemoda.com\/en\/#organization\",\"name\":\"AEMODA, Asociaci\u00f3n Espa\u00f1ola de Maestros y Operarios de Almazara\",\"alternateName\":\"Asociaci\u00f3n Espa\u00f1ola de Maestros y Operarios de Almazara\",\"url\":\"https:\/\/aemoda.com\/en\/\",\"logo\":{\"@type\":\"ImageObject\",\"inLanguage\":\"en-US\",\"@id\":\"https:\/\/aemoda.com\/en\/#\/schema\/logo\/image\/\",\"url\":\"https:\/\/aemoda.com\/wp-content\/uploads\/2023\/04\/logo_3-removebg-preview.png\",\"contentUrl\":\"https:\/\/aemoda.com\/wp-content\/uploads\/2023\/04\/logo_3-removebg-preview.png\",\"width\":816,\"height\":306,\"caption\":\"AEMODA, Asociaci\u00f3n Espa\u00f1ola de Maestros y Operarios de Almazara\"},\"image\":{\"@id\":\"https:\/\/aemoda.com\/en\/#\/schema\/logo\/image\/\"},\"sameAs\":[\"https:\/\/www.facebook.com\/profile.php?id=100055135007306\"]},{\"@type\":\"Person\",\"@id\":\"https:\/\/aemoda.com\/en\/#\/schema\/person\/24b7d684912e523729541c94a08ae16e\",\"name\":\"gestor\",\"image\":{\"@type\":\"ImageObject\",\"inLanguage\":\"en-US\",\"@id\":\"https:\/\/aemoda.com\/en\/#\/schema\/person\/image\/\",\"url\":\"https:\/\/secure.gravatar.com\/avatar\/aa1309c942c4e5f1bd49e72ada90cf604957fe4abac30a61235a580a9e4884f9?s=96&d=mm&r=g\",\"contentUrl\":\"https:\/\/secure.gravatar.com\/avatar\/aa1309c942c4e5f1bd49e72ada90cf604957fe4abac30a61235a580a9e4884f9?s=96&d=mm&r=g\",\"caption\":\"gestor\"},\"sameAs\":[\"https:\/\/aemoda.com\/nueva\"],\"url\":\"https:\/\/aemoda.com\/en\/author\/gestor\/\"}]}<\/script>\n<!-- \/ Yoast SEO plugin. -->","yoast_head_json":{"title":"New conference on the prevention of Esters in AOVES - AEMODA","robots":{"index":"index","follow":"follow","max-snippet":"max-snippet:-1","max-image-preview":"max-image-preview:large","max-video-preview":"max-video-preview:-1"},"canonical":"https:\/\/aemoda.com\/en\/new-conference-on-the-prevention-of-esters-in-aoves\/","og_locale":"en_US","og_type":"article","og_title":"New conference on the prevention of Esters in AOVES - AEMODA","og_description":"Dear Partners. We would like to inform you about the conferences that are going to be held on the prevention of Esters in AOVES, the first ones will be on the 8th of September in Loja (Granada), on the 10th of September in the D.O. of Sierra Magina and on the 15th in Montoro, for [&hellip;]","og_url":"https:\/\/aemoda.com\/en\/new-conference-on-the-prevention-of-esters-in-aoves\/","og_site_name":"AEMODA","article_publisher":"https:\/\/www.facebook.com\/profile.php?id=100055135007306","article_published_time":"2015-09-04T15:54:33+00:00","og_image":[{"width":512,"height":512,"url":"https:\/\/aemoda.com\/wp-content\/uploads\/2023\/04\/cropped-emoticono.jpg","type":"image\/jpeg"}],"author":"gestor","twitter_card":"summary_large_image","twitter_misc":{"Written by":"gestor"},"schema":{"@context":"https:\/\/schema.org","@graph":[{"@type":"Article","@id":"https:\/\/aemoda.com\/en\/new-conference-on-the-prevention-of-esters-in-aoves\/#article","isPartOf":{"@id":"https:\/\/aemoda.com\/en\/new-conference-on-the-prevention-of-esters-in-aoves\/"},"author":{"name":"gestor","@id":"https:\/\/aemoda.com\/en\/#\/schema\/person\/24b7d684912e523729541c94a08ae16e"},"headline":"New conference on the prevention of Esters in AOVES","datePublished":"2015-09-04T15:54:33+00:00","dateModified":"2015-09-04T15:54:33+00:00","mainEntityOfPage":{"@id":"https:\/\/aemoda.com\/en\/new-conference-on-the-prevention-of-esters-in-aoves\/"},"wordCount":108,"publisher":{"@id":"https:\/\/aemoda.com\/en\/#organization"},"inLanguage":"en-US"},{"@type":"WebPage","@id":"https:\/\/aemoda.com\/en\/new-conference-on-the-prevention-of-esters-in-aoves\/","url":"https:\/\/aemoda.com\/en\/new-conference-on-the-prevention-of-esters-in-aoves\/","name":"New conference on the prevention of Esters in AOVES - AEMODA","isPartOf":{"@id":"https:\/\/aemoda.com\/en\/#website"},"datePublished":"2015-09-04T15:54:33+00:00","dateModified":"2015-09-04T15:54:33+00:00","breadcrumb":{"@id":"https:\/\/aemoda.com\/en\/new-conference-on-the-prevention-of-esters-in-aoves\/#breadcrumb"},"inLanguage":"en-US","potentialAction":[{"@type":"ReadAction","target":["https:\/\/aemoda.com\/en\/new-conference-on-the-prevention-of-esters-in-aoves\/"]}]},{"@type":"BreadcrumbList","@id":"https:\/\/aemoda.com\/en\/new-conference-on-the-prevention-of-esters-in-aoves\/#breadcrumb","itemListElement":[{"@type":"ListItem","position":1,"name":"Portada","item":"https:\/\/aemoda.com\/en\/home\/"},{"@type":"ListItem","position":2,"name":"New conference on the prevention of Esters in AOVES"}]},{"@type":"WebSite","@id":"https:\/\/aemoda.com\/en\/#website","url":"https:\/\/aemoda.com\/en\/","name":"AEMODA","description":"Asociaci\u00f3n Espa\u00f1ola de Maestros y Operarios de Almazara","publisher":{"@id":"https:\/\/aemoda.com\/en\/#organization"},"alternateName":"Asociaci\u00f3n Espa\u00f1ola de Maestros y Operarios de Almazara","potentialAction":[{"@type":"SearchAction","target":{"@type":"EntryPoint","urlTemplate":"https:\/\/aemoda.com\/en\/?s={search_term_string}"},"query-input":"required name=search_term_string"}],"inLanguage":"en-US"},{"@type":"Organization","@id":"https:\/\/aemoda.com\/en\/#organization","name":"AEMODA, Asociaci\u00f3n Espa\u00f1ola de Maestros y Operarios de Almazara","alternateName":"Asociaci\u00f3n Espa\u00f1ola de Maestros y Operarios de Almazara","url":"https:\/\/aemoda.com\/en\/","logo":{"@type":"ImageObject","inLanguage":"en-US","@id":"https:\/\/aemoda.com\/en\/#\/schema\/logo\/image\/","url":"https:\/\/aemoda.com\/wp-content\/uploads\/2023\/04\/logo_3-removebg-preview.png","contentUrl":"https:\/\/aemoda.com\/wp-content\/uploads\/2023\/04\/logo_3-removebg-preview.png","width":816,"height":306,"caption":"AEMODA, Asociaci\u00f3n Espa\u00f1ola de Maestros y Operarios de Almazara"},"image":{"@id":"https:\/\/aemoda.com\/en\/#\/schema\/logo\/image\/"},"sameAs":["https:\/\/www.facebook.com\/profile.php?id=100055135007306"]},{"@type":"Person","@id":"https:\/\/aemoda.com\/en\/#\/schema\/person\/24b7d684912e523729541c94a08ae16e","name":"gestor","image":{"@type":"ImageObject","inLanguage":"en-US","@id":"https:\/\/aemoda.com\/en\/#\/schema\/person\/image\/","url":"https:\/\/secure.gravatar.com\/avatar\/aa1309c942c4e5f1bd49e72ada90cf604957fe4abac30a61235a580a9e4884f9?s=96&d=mm&r=g","contentUrl":"https:\/\/secure.gravatar.com\/avatar\/aa1309c942c4e5f1bd49e72ada90cf604957fe4abac30a61235a580a9e4884f9?s=96&d=mm&r=g","caption":"gestor"},"sameAs":["https:\/\/aemoda.com\/nueva"],"url":"https:\/\/aemoda.com\/en\/author\/gestor\/"}]}},"_links":{"self":[{"href":"https:\/\/aemoda.com\/en\/wp-json\/wp\/v2\/posts\/1960","targetHints":{"allow":["GET"]}}],"collection":[{"href":"https:\/\/aemoda.com\/en\/wp-json\/wp\/v2\/posts"}],"about":[{"href":"https:\/\/aemoda.com\/en\/wp-json\/wp\/v2\/types\/post"}],"author":[{"embeddable":true,"href":"https:\/\/aemoda.com\/en\/wp-json\/wp\/v2\/users\/1"}],"replies":[{"embeddable":true,"href":"https:\/\/aemoda.com\/en\/wp-json\/wp\/v2\/comments?post=1960"}],"version-history":[{"count":0,"href":"https:\/\/aemoda.com\/en\/wp-json\/wp\/v2\/posts\/1960\/revisions"}],"wp:attachment":[{"href":"https:\/\/aemoda.com\/en\/wp-json\/wp\/v2\/media?parent=1960"}],"wp:term":[{"taxonomy":"category","embeddable":true,"href":"https:\/\/aemoda.com\/en\/wp-json\/wp\/v2\/categories?post=1960"},{"taxonomy":"post_tag","embeddable":true,"href":"https:\/\/aemoda.com\/en\/wp-json\/wp\/v2\/tags?post=1960"}],"curies":[{"name":"wp","href":"https:\/\/api.w.org\/{rel}","templated":true}]}}