{"id":2123,"date":"2023-05-09T14:16:34","date_gmt":"2023-05-09T14:16:34","guid":{"rendered":"https:\/\/aemoda.com\/aemoda-at-expoliva\/"},"modified":"2023-05-09T14:16:34","modified_gmt":"2023-05-09T14:16:34","slug":"aemoda-at-expoliva","status":"publish","type":"post","link":"https:\/\/aemoda.com\/en\/aemoda-at-expoliva\/","title":{"rendered":"AEMODA AT EXPOLIVA"},"content":{"rendered":"<p>Like the International Olive Oil Fair and its related industries, the Spanish Association of Olive Oil Mill Masters and Operators is also celebrating its anniversary. AEMODA celebrates 10 years since its founding in 2013 and has decided to celebrate in style at this year&#8217;s Expoliva.<\/p>\n<p>AEMODA will attend as always to all its members and visitors to Expoliva from its stand located in the Pab. Caja Rural Ja\u00e9n, a-16. But it has also prepared a very special moment that will take place on Thursday 11 May, at 12.00 noon, in the Gaud\u00edel Hall of the IFEJA exhibition centre.<\/p>\n<p>The launch of the &#8216;EVOO: Learn with us&#8217; campaign, an initiative that will bring knowledge about extra virgin olive oil to more than 25 locations throughout Spain, as well as Portugal and Italy, will take centre stage at the event. The campaign will take place the week after Expoliva, from 15 to 21 May, in schools, cooperatives, health centres and associations in Andalusia, Extremadura, Castile-La Mancha, Murcia, Valencia, Aragon, the Canary Islands, Madrid, Portugal and Italy.<\/p>\n<p>During the event at Expoliva, the following presentations are also planned:<\/p>\n<ul>\n<li>Book &#8216;El jugo de la aceituna que cuida tu salud&#8217; (The olive juice that cares for your health), by Dr. Jos\u00e9 J. Gaforio<\/li>\n<li>AEMODA 10th anniversary commemorative magazine<\/li>\n<li>Poster of the V Congress of Olive Mill Masters and Operators 2024<\/li>\n<li>New website of the association<\/li>\n<\/ul>\n<p>As always, the AEMODA Awards will be presented to those professionals and entities that have actively collaborated with the association and the sector.<\/p>\n","protected":false},"excerpt":{"rendered":"<p>Like the International Olive Oil Fair and its related industries, the Spanish Association of Olive Oil Mill Masters and Operators is also celebrating its anniversary. AEMODA celebrates 10 years since its founding in 2013 and has decided to celebrate in style at this year&#8217;s Expoliva. AEMODA will attend as always to all its members and [&hellip;]<\/p>\n","protected":false},"author":1,"featured_media":2121,"comment_status":"closed","ping_status":"closed","sticky":false,"template":"","format":"standard","meta":{"_et_pb_use_builder":"","_et_pb_old_content":"","_et_gb_content_width":"","ngg_post_thumbnail":0,"footnotes":""},"categories":[],"tags":[],"class_list":["post-2123","post","type-post","status-publish","format-standard","has-post-thumbnail","hentry"],"yoast_head":"<!-- This site is optimized with the Yoast SEO plugin v23.1 - https:\/\/yoast.com\/wordpress\/plugins\/seo\/ -->\n<title>AEMODA AT EXPOLIVA - AEMODA<\/title>\n<meta name=\"robots\" content=\"index, follow, max-snippet:-1, max-image-preview:large, max-video-preview:-1\" \/>\n<link rel=\"canonical\" href=\"https:\/\/aemoda.com\/en\/aemoda-at-expoliva\/\" \/>\n<meta property=\"og:locale\" content=\"en_US\" \/>\n<meta property=\"og:type\" content=\"article\" \/>\n<meta property=\"og:title\" content=\"AEMODA AT EXPOLIVA - AEMODA\" \/>\n<meta property=\"og:description\" content=\"Like the International Olive Oil Fair and its related industries, the Spanish Association of Olive Oil Mill Masters and Operators is also celebrating its anniversary. AEMODA celebrates 10 years since its founding in 2013 and has decided to celebrate in style at this year&#8217;s Expoliva. AEMODA will attend as always to all its members and [&hellip;]\" \/>\n<meta property=\"og:url\" content=\"https:\/\/aemoda.com\/en\/aemoda-at-expoliva\/\" \/>\n<meta property=\"og:site_name\" content=\"AEMODA\" \/>\n<meta property=\"article:publisher\" content=\"https:\/\/www.facebook.com\/profile.php?id=100055135007306\" \/>\n<meta property=\"article:published_time\" content=\"2023-05-09T14:16:34+00:00\" \/>\n<meta property=\"og:image\" content=\"https:\/\/aemoda.com\/wp-content\/uploads\/2023\/05\/AEMODA-Y-EXPOLIVA.jpeg\" \/>\n\t<meta property=\"og:image:width\" content=\"1700\" \/>\n\t<meta property=\"og:image:height\" content=\"1202\" \/>\n\t<meta property=\"og:image:type\" content=\"image\/jpeg\" \/>\n<meta name=\"author\" content=\"gestor\" \/>\n<meta name=\"twitter:card\" content=\"summary_large_image\" \/>\n<meta name=\"twitter:label1\" content=\"Written by\" \/>\n\t<meta name=\"twitter:data1\" content=\"gestor\" \/>\n\t<meta name=\"twitter:label2\" content=\"Est. reading time\" \/>\n\t<meta name=\"twitter:data2\" content=\"1 minute\" \/>\n<script type=\"application\/ld+json\" class=\"yoast-schema-graph\">{\"@context\":\"https:\/\/schema.org\",\"@graph\":[{\"@type\":\"Article\",\"@id\":\"https:\/\/aemoda.com\/en\/aemoda-at-expoliva\/#article\",\"isPartOf\":{\"@id\":\"https:\/\/aemoda.com\/en\/aemoda-at-expoliva\/\"},\"author\":{\"name\":\"gestor\",\"@id\":\"https:\/\/aemoda.com\/en\/#\/schema\/person\/24b7d684912e523729541c94a08ae16e\"},\"headline\":\"AEMODA AT EXPOLIVA\",\"datePublished\":\"2023-05-09T14:16:34+00:00\",\"dateModified\":\"2023-05-09T14:16:34+00:00\",\"mainEntityOfPage\":{\"@id\":\"https:\/\/aemoda.com\/en\/aemoda-at-expoliva\/\"},\"wordCount\":251,\"publisher\":{\"@id\":\"https:\/\/aemoda.com\/en\/#organization\"},\"image\":{\"@id\":\"https:\/\/aemoda.com\/en\/aemoda-at-expoliva\/#primaryimage\"},\"thumbnailUrl\":\"https:\/\/aemoda.com\/wp-content\/uploads\/2023\/05\/AEMODA-Y-EXPOLIVA.jpeg\",\"inLanguage\":\"en-US\"},{\"@type\":\"WebPage\",\"@id\":\"https:\/\/aemoda.com\/en\/aemoda-at-expoliva\/\",\"url\":\"https:\/\/aemoda.com\/en\/aemoda-at-expoliva\/\",\"name\":\"AEMODA AT EXPOLIVA - AEMODA\",\"isPartOf\":{\"@id\":\"https:\/\/aemoda.com\/en\/#website\"},\"primaryImageOfPage\":{\"@id\":\"https:\/\/aemoda.com\/en\/aemoda-at-expoliva\/#primaryimage\"},\"image\":{\"@id\":\"https:\/\/aemoda.com\/en\/aemoda-at-expoliva\/#primaryimage\"},\"thumbnailUrl\":\"https:\/\/aemoda.com\/wp-content\/uploads\/2023\/05\/AEMODA-Y-EXPOLIVA.jpeg\",\"datePublished\":\"2023-05-09T14:16:34+00:00\",\"dateModified\":\"2023-05-09T14:16:34+00:00\",\"breadcrumb\":{\"@id\":\"https:\/\/aemoda.com\/en\/aemoda-at-expoliva\/#breadcrumb\"},\"inLanguage\":\"en-US\",\"potentialAction\":[{\"@type\":\"ReadAction\",\"target\":[\"https:\/\/aemoda.com\/en\/aemoda-at-expoliva\/\"]}]},{\"@type\":\"ImageObject\",\"inLanguage\":\"en-US\",\"@id\":\"https:\/\/aemoda.com\/en\/aemoda-at-expoliva\/#primaryimage\",\"url\":\"https:\/\/aemoda.com\/wp-content\/uploads\/2023\/05\/AEMODA-Y-EXPOLIVA.jpeg\",\"contentUrl\":\"https:\/\/aemoda.com\/wp-content\/uploads\/2023\/05\/AEMODA-Y-EXPOLIVA.jpeg\",\"width\":1700,\"height\":1202},{\"@type\":\"BreadcrumbList\",\"@id\":\"https:\/\/aemoda.com\/en\/aemoda-at-expoliva\/#breadcrumb\",\"itemListElement\":[{\"@type\":\"ListItem\",\"position\":1,\"name\":\"Portada\",\"item\":\"https:\/\/aemoda.com\/en\/home\/\"},{\"@type\":\"ListItem\",\"position\":2,\"name\":\"AEMODA AT EXPOLIVA\"}]},{\"@type\":\"WebSite\",\"@id\":\"https:\/\/aemoda.com\/en\/#website\",\"url\":\"https:\/\/aemoda.com\/en\/\",\"name\":\"AEMODA\",\"description\":\"Asociaci\u00f3n Espa\u00f1ola de Maestros y Operarios de Almazara\",\"publisher\":{\"@id\":\"https:\/\/aemoda.com\/en\/#organization\"},\"alternateName\":\"Asociaci\u00f3n Espa\u00f1ola de Maestros y Operarios de Almazara\",\"potentialAction\":[{\"@type\":\"SearchAction\",\"target\":{\"@type\":\"EntryPoint\",\"urlTemplate\":\"https:\/\/aemoda.com\/en\/?s={search_term_string}\"},\"query-input\":\"required name=search_term_string\"}],\"inLanguage\":\"en-US\"},{\"@type\":\"Organization\",\"@id\":\"https:\/\/aemoda.com\/en\/#organization\",\"name\":\"AEMODA, Asociaci\u00f3n Espa\u00f1ola de Maestros y Operarios de Almazara\",\"alternateName\":\"Asociaci\u00f3n Espa\u00f1ola de Maestros y Operarios de Almazara\",\"url\":\"https:\/\/aemoda.com\/en\/\",\"logo\":{\"@type\":\"ImageObject\",\"inLanguage\":\"en-US\",\"@id\":\"https:\/\/aemoda.com\/en\/#\/schema\/logo\/image\/\",\"url\":\"https:\/\/aemoda.com\/wp-content\/uploads\/2023\/04\/logo_3-removebg-preview.png\",\"contentUrl\":\"https:\/\/aemoda.com\/wp-content\/uploads\/2023\/04\/logo_3-removebg-preview.png\",\"width\":816,\"height\":306,\"caption\":\"AEMODA, Asociaci\u00f3n Espa\u00f1ola de Maestros y Operarios de Almazara\"},\"image\":{\"@id\":\"https:\/\/aemoda.com\/en\/#\/schema\/logo\/image\/\"},\"sameAs\":[\"https:\/\/www.facebook.com\/profile.php?id=100055135007306\"]},{\"@type\":\"Person\",\"@id\":\"https:\/\/aemoda.com\/en\/#\/schema\/person\/24b7d684912e523729541c94a08ae16e\",\"name\":\"gestor\",\"image\":{\"@type\":\"ImageObject\",\"inLanguage\":\"en-US\",\"@id\":\"https:\/\/aemoda.com\/en\/#\/schema\/person\/image\/\",\"url\":\"https:\/\/secure.gravatar.com\/avatar\/aa1309c942c4e5f1bd49e72ada90cf604957fe4abac30a61235a580a9e4884f9?s=96&d=mm&r=g\",\"contentUrl\":\"https:\/\/secure.gravatar.com\/avatar\/aa1309c942c4e5f1bd49e72ada90cf604957fe4abac30a61235a580a9e4884f9?s=96&d=mm&r=g\",\"caption\":\"gestor\"},\"sameAs\":[\"https:\/\/aemoda.com\/nueva\"],\"url\":\"https:\/\/aemoda.com\/en\/author\/gestor\/\"}]}<\/script>\n<!-- \/ Yoast SEO plugin. -->","yoast_head_json":{"title":"AEMODA AT EXPOLIVA - AEMODA","robots":{"index":"index","follow":"follow","max-snippet":"max-snippet:-1","max-image-preview":"max-image-preview:large","max-video-preview":"max-video-preview:-1"},"canonical":"https:\/\/aemoda.com\/en\/aemoda-at-expoliva\/","og_locale":"en_US","og_type":"article","og_title":"AEMODA AT EXPOLIVA - AEMODA","og_description":"Like the International Olive Oil Fair and its related industries, the Spanish Association of Olive Oil Mill Masters and Operators is also celebrating its anniversary. AEMODA celebrates 10 years since its founding in 2013 and has decided to celebrate in style at this year&#8217;s Expoliva. AEMODA will attend as always to all its members and [&hellip;]","og_url":"https:\/\/aemoda.com\/en\/aemoda-at-expoliva\/","og_site_name":"AEMODA","article_publisher":"https:\/\/www.facebook.com\/profile.php?id=100055135007306","article_published_time":"2023-05-09T14:16:34+00:00","og_image":[{"width":1700,"height":1202,"url":"https:\/\/aemoda.com\/wp-content\/uploads\/2023\/05\/AEMODA-Y-EXPOLIVA.jpeg","type":"image\/jpeg"}],"author":"gestor","twitter_card":"summary_large_image","twitter_misc":{"Written by":"gestor","Est. reading time":"1 minute"},"schema":{"@context":"https:\/\/schema.org","@graph":[{"@type":"Article","@id":"https:\/\/aemoda.com\/en\/aemoda-at-expoliva\/#article","isPartOf":{"@id":"https:\/\/aemoda.com\/en\/aemoda-at-expoliva\/"},"author":{"name":"gestor","@id":"https:\/\/aemoda.com\/en\/#\/schema\/person\/24b7d684912e523729541c94a08ae16e"},"headline":"AEMODA AT EXPOLIVA","datePublished":"2023-05-09T14:16:34+00:00","dateModified":"2023-05-09T14:16:34+00:00","mainEntityOfPage":{"@id":"https:\/\/aemoda.com\/en\/aemoda-at-expoliva\/"},"wordCount":251,"publisher":{"@id":"https:\/\/aemoda.com\/en\/#organization"},"image":{"@id":"https:\/\/aemoda.com\/en\/aemoda-at-expoliva\/#primaryimage"},"thumbnailUrl":"https:\/\/aemoda.com\/wp-content\/uploads\/2023\/05\/AEMODA-Y-EXPOLIVA.jpeg","inLanguage":"en-US"},{"@type":"WebPage","@id":"https:\/\/aemoda.com\/en\/aemoda-at-expoliva\/","url":"https:\/\/aemoda.com\/en\/aemoda-at-expoliva\/","name":"AEMODA AT EXPOLIVA - AEMODA","isPartOf":{"@id":"https:\/\/aemoda.com\/en\/#website"},"primaryImageOfPage":{"@id":"https:\/\/aemoda.com\/en\/aemoda-at-expoliva\/#primaryimage"},"image":{"@id":"https:\/\/aemoda.com\/en\/aemoda-at-expoliva\/#primaryimage"},"thumbnailUrl":"https:\/\/aemoda.com\/wp-content\/uploads\/2023\/05\/AEMODA-Y-EXPOLIVA.jpeg","datePublished":"2023-05-09T14:16:34+00:00","dateModified":"2023-05-09T14:16:34+00:00","breadcrumb":{"@id":"https:\/\/aemoda.com\/en\/aemoda-at-expoliva\/#breadcrumb"},"inLanguage":"en-US","potentialAction":[{"@type":"ReadAction","target":["https:\/\/aemoda.com\/en\/aemoda-at-expoliva\/"]}]},{"@type":"ImageObject","inLanguage":"en-US","@id":"https:\/\/aemoda.com\/en\/aemoda-at-expoliva\/#primaryimage","url":"https:\/\/aemoda.com\/wp-content\/uploads\/2023\/05\/AEMODA-Y-EXPOLIVA.jpeg","contentUrl":"https:\/\/aemoda.com\/wp-content\/uploads\/2023\/05\/AEMODA-Y-EXPOLIVA.jpeg","width":1700,"height":1202},{"@type":"BreadcrumbList","@id":"https:\/\/aemoda.com\/en\/aemoda-at-expoliva\/#breadcrumb","itemListElement":[{"@type":"ListItem","position":1,"name":"Portada","item":"https:\/\/aemoda.com\/en\/home\/"},{"@type":"ListItem","position":2,"name":"AEMODA AT EXPOLIVA"}]},{"@type":"WebSite","@id":"https:\/\/aemoda.com\/en\/#website","url":"https:\/\/aemoda.com\/en\/","name":"AEMODA","description":"Asociaci\u00f3n Espa\u00f1ola de Maestros y Operarios de Almazara","publisher":{"@id":"https:\/\/aemoda.com\/en\/#organization"},"alternateName":"Asociaci\u00f3n Espa\u00f1ola de Maestros y Operarios de Almazara","potentialAction":[{"@type":"SearchAction","target":{"@type":"EntryPoint","urlTemplate":"https:\/\/aemoda.com\/en\/?s={search_term_string}"},"query-input":"required name=search_term_string"}],"inLanguage":"en-US"},{"@type":"Organization","@id":"https:\/\/aemoda.com\/en\/#organization","name":"AEMODA, Asociaci\u00f3n Espa\u00f1ola de Maestros y Operarios de Almazara","alternateName":"Asociaci\u00f3n Espa\u00f1ola de Maestros y Operarios de Almazara","url":"https:\/\/aemoda.com\/en\/","logo":{"@type":"ImageObject","inLanguage":"en-US","@id":"https:\/\/aemoda.com\/en\/#\/schema\/logo\/image\/","url":"https:\/\/aemoda.com\/wp-content\/uploads\/2023\/04\/logo_3-removebg-preview.png","contentUrl":"https:\/\/aemoda.com\/wp-content\/uploads\/2023\/04\/logo_3-removebg-preview.png","width":816,"height":306,"caption":"AEMODA, Asociaci\u00f3n Espa\u00f1ola de Maestros y Operarios de Almazara"},"image":{"@id":"https:\/\/aemoda.com\/en\/#\/schema\/logo\/image\/"},"sameAs":["https:\/\/www.facebook.com\/profile.php?id=100055135007306"]},{"@type":"Person","@id":"https:\/\/aemoda.com\/en\/#\/schema\/person\/24b7d684912e523729541c94a08ae16e","name":"gestor","image":{"@type":"ImageObject","inLanguage":"en-US","@id":"https:\/\/aemoda.com\/en\/#\/schema\/person\/image\/","url":"https:\/\/secure.gravatar.com\/avatar\/aa1309c942c4e5f1bd49e72ada90cf604957fe4abac30a61235a580a9e4884f9?s=96&d=mm&r=g","contentUrl":"https:\/\/secure.gravatar.com\/avatar\/aa1309c942c4e5f1bd49e72ada90cf604957fe4abac30a61235a580a9e4884f9?s=96&d=mm&r=g","caption":"gestor"},"sameAs":["https:\/\/aemoda.com\/nueva"],"url":"https:\/\/aemoda.com\/en\/author\/gestor\/"}]}},"_links":{"self":[{"href":"https:\/\/aemoda.com\/en\/wp-json\/wp\/v2\/posts\/2123","targetHints":{"allow":["GET"]}}],"collection":[{"href":"https:\/\/aemoda.com\/en\/wp-json\/wp\/v2\/posts"}],"about":[{"href":"https:\/\/aemoda.com\/en\/wp-json\/wp\/v2\/types\/post"}],"author":[{"embeddable":true,"href":"https:\/\/aemoda.com\/en\/wp-json\/wp\/v2\/users\/1"}],"replies":[{"embeddable":true,"href":"https:\/\/aemoda.com\/en\/wp-json\/wp\/v2\/comments?post=2123"}],"version-history":[{"count":0,"href":"https:\/\/aemoda.com\/en\/wp-json\/wp\/v2\/posts\/2123\/revisions"}],"wp:featuredmedia":[{"embeddable":true,"href":"https:\/\/aemoda.com\/en\/wp-json\/wp\/v2\/media\/2121"}],"wp:attachment":[{"href":"https:\/\/aemoda.com\/en\/wp-json\/wp\/v2\/media?parent=2123"}],"wp:term":[{"taxonomy":"category","embeddable":true,"href":"https:\/\/aemoda.com\/en\/wp-json\/wp\/v2\/categories?post=2123"},{"taxonomy":"post_tag","embeddable":true,"href":"https:\/\/aemoda.com\/en\/wp-json\/wp\/v2\/tags?post=2123"}],"curies":[{"name":"wp","href":"https:\/\/api.w.org\/{rel}","templated":true}]}}