{"id":2428,"date":"2023-05-16T17:29:59","date_gmt":"2023-05-16T17:29:59","guid":{"rendered":"https:\/\/aemoda.com\/aemoda-also-celebrates-its-10th-anniversary-in-italy\/"},"modified":"2023-05-16T17:35:09","modified_gmt":"2023-05-16T17:35:09","slug":"aemoda-also-celebrates-its-10th-anniversary-in-italy","status":"publish","type":"post","link":"https:\/\/aemoda.com\/en\/aemoda-also-celebrates-its-10th-anniversary-in-italy\/","title":{"rendered":"AEMODA also celebrates its 10th Anniversary in Italy"},"content":{"rendered":"<div class=\"xdj266r x11i5rnm xat24cr x1mh8g0r x1vvkbs x126k92a\">\n<div dir=\"auto\" style=\"text-align: center;\">AEMODA will travel to Italy to commemorate its 10th anniversary: The Spanish Association of Olive Oil Mill Masters and Operators (AEMODA) celebrates its 10th anniversary in May and is organising training and dissemination events in the places where many of its members, both national and foreign, come from.<\/div>\n<\/div>\n<div class=\"x11i5rnm xat24cr x1mh8g0r x1vvkbs xtlvy1s x126k92a\">\n<div dir=\"auto\" style=\"text-align: center;\">In Italy it will be done in collaboration with the General Confederation of Agriculture (Confagricoltura) of Salerno. The event will bring together Italian and Spanish professionals from the sector and aims to open up avenues for collaboration and consensus.<\/div>\n<div dir=\"auto\" style=\"text-align: center;\"><\/div>\n<div dir=\"auto\"><\/div>\n<\/div>\n","protected":false},"excerpt":{"rendered":"<p>AEMODA will travel to Italy to commemorate its 10th anniversary: The Spanish Association of Olive Oil Mill Masters and Operators (AEMODA) celebrates its 10th anniversary in May and is organising training and dissemination events in the places where many of its members, both national and foreign, come from. In Italy it will be done in [&hellip;]<\/p>\n","protected":false},"author":1,"featured_media":2408,"comment_status":"closed","ping_status":"closed","sticky":false,"template":"","format":"standard","meta":{"_et_pb_use_builder":"","_et_pb_old_content":"","_et_gb_content_width":"","ngg_post_thumbnail":0,"footnotes":""},"categories":[],"tags":[],"class_list":["post-2428","post","type-post","status-publish","format-standard","has-post-thumbnail","hentry"],"yoast_head":"<!-- This site is optimized with the Yoast SEO plugin v23.1 - https:\/\/yoast.com\/wordpress\/plugins\/seo\/ -->\n<title>AEMODA also celebrates its 10th Anniversary in Italy - AEMODA<\/title>\n<meta name=\"robots\" content=\"index, follow, max-snippet:-1, max-image-preview:large, max-video-preview:-1\" \/>\n<link rel=\"canonical\" href=\"https:\/\/aemoda.com\/en\/aemoda-also-celebrates-its-10th-anniversary-in-italy\/\" \/>\n<meta property=\"og:locale\" content=\"en_US\" \/>\n<meta property=\"og:type\" content=\"article\" \/>\n<meta property=\"og:title\" content=\"AEMODA also celebrates its 10th Anniversary in Italy - AEMODA\" \/>\n<meta property=\"og:description\" content=\"AEMODA will travel to Italy to commemorate its 10th anniversary: The Spanish Association of Olive Oil Mill Masters and Operators (AEMODA) celebrates its 10th anniversary in May and is organising training and dissemination events in the places where many of its members, both national and foreign, come from. In Italy it will be done in [&hellip;]\" \/>\n<meta property=\"og:url\" content=\"https:\/\/aemoda.com\/en\/aemoda-also-celebrates-its-10th-anniversary-in-italy\/\" \/>\n<meta property=\"og:site_name\" content=\"AEMODA\" \/>\n<meta property=\"article:publisher\" content=\"https:\/\/www.facebook.com\/profile.php?id=100055135007306\" \/>\n<meta property=\"article:published_time\" content=\"2023-05-16T17:29:59+00:00\" \/>\n<meta property=\"article:modified_time\" content=\"2023-05-16T17:35:09+00:00\" \/>\n<meta property=\"og:image\" content=\"https:\/\/aemoda.com\/wp-content\/uploads\/2023\/05\/italia.jpg\" \/>\n\t<meta property=\"og:image:width\" content=\"1080\" \/>\n\t<meta property=\"og:image:height\" content=\"1350\" \/>\n\t<meta property=\"og:image:type\" content=\"image\/jpeg\" \/>\n<meta name=\"author\" content=\"gestor\" \/>\n<meta name=\"twitter:card\" content=\"summary_large_image\" \/>\n<meta name=\"twitter:label1\" content=\"Written by\" \/>\n\t<meta name=\"twitter:data1\" content=\"gestor\" \/>\n<script type=\"application\/ld+json\" class=\"yoast-schema-graph\">{\"@context\":\"https:\/\/schema.org\",\"@graph\":[{\"@type\":\"Article\",\"@id\":\"https:\/\/aemoda.com\/en\/aemoda-also-celebrates-its-10th-anniversary-in-italy\/#article\",\"isPartOf\":{\"@id\":\"https:\/\/aemoda.com\/en\/aemoda-also-celebrates-its-10th-anniversary-in-italy\/\"},\"author\":{\"name\":\"gestor\",\"@id\":\"https:\/\/aemoda.com\/en\/#\/schema\/person\/24b7d684912e523729541c94a08ae16e\"},\"headline\":\"AEMODA also celebrates its 10th Anniversary in Italy\",\"datePublished\":\"2023-05-16T17:29:59+00:00\",\"dateModified\":\"2023-05-16T17:35:09+00:00\",\"mainEntityOfPage\":{\"@id\":\"https:\/\/aemoda.com\/en\/aemoda-also-celebrates-its-10th-anniversary-in-italy\/\"},\"wordCount\":95,\"publisher\":{\"@id\":\"https:\/\/aemoda.com\/en\/#organization\"},\"image\":{\"@id\":\"https:\/\/aemoda.com\/en\/aemoda-also-celebrates-its-10th-anniversary-in-italy\/#primaryimage\"},\"thumbnailUrl\":\"https:\/\/aemoda.com\/wp-content\/uploads\/2023\/05\/italia.jpg\",\"inLanguage\":\"en-US\"},{\"@type\":\"WebPage\",\"@id\":\"https:\/\/aemoda.com\/en\/aemoda-also-celebrates-its-10th-anniversary-in-italy\/\",\"url\":\"https:\/\/aemoda.com\/en\/aemoda-also-celebrates-its-10th-anniversary-in-italy\/\",\"name\":\"AEMODA also celebrates its 10th Anniversary in Italy - AEMODA\",\"isPartOf\":{\"@id\":\"https:\/\/aemoda.com\/en\/#website\"},\"primaryImageOfPage\":{\"@id\":\"https:\/\/aemoda.com\/en\/aemoda-also-celebrates-its-10th-anniversary-in-italy\/#primaryimage\"},\"image\":{\"@id\":\"https:\/\/aemoda.com\/en\/aemoda-also-celebrates-its-10th-anniversary-in-italy\/#primaryimage\"},\"thumbnailUrl\":\"https:\/\/aemoda.com\/wp-content\/uploads\/2023\/05\/italia.jpg\",\"datePublished\":\"2023-05-16T17:29:59+00:00\",\"dateModified\":\"2023-05-16T17:35:09+00:00\",\"breadcrumb\":{\"@id\":\"https:\/\/aemoda.com\/en\/aemoda-also-celebrates-its-10th-anniversary-in-italy\/#breadcrumb\"},\"inLanguage\":\"en-US\",\"potentialAction\":[{\"@type\":\"ReadAction\",\"target\":[\"https:\/\/aemoda.com\/en\/aemoda-also-celebrates-its-10th-anniversary-in-italy\/\"]}]},{\"@type\":\"ImageObject\",\"inLanguage\":\"en-US\",\"@id\":\"https:\/\/aemoda.com\/en\/aemoda-also-celebrates-its-10th-anniversary-in-italy\/#primaryimage\",\"url\":\"https:\/\/aemoda.com\/wp-content\/uploads\/2023\/05\/italia.jpg\",\"contentUrl\":\"https:\/\/aemoda.com\/wp-content\/uploads\/2023\/05\/italia.jpg\",\"width\":1080,\"height\":1350},{\"@type\":\"BreadcrumbList\",\"@id\":\"https:\/\/aemoda.com\/en\/aemoda-also-celebrates-its-10th-anniversary-in-italy\/#breadcrumb\",\"itemListElement\":[{\"@type\":\"ListItem\",\"position\":1,\"name\":\"Portada\",\"item\":\"https:\/\/aemoda.com\/en\/home\/\"},{\"@type\":\"ListItem\",\"position\":2,\"name\":\"AEMODA also celebrates its 10th Anniversary in Italy\"}]},{\"@type\":\"WebSite\",\"@id\":\"https:\/\/aemoda.com\/en\/#website\",\"url\":\"https:\/\/aemoda.com\/en\/\",\"name\":\"AEMODA\",\"description\":\"Asociaci\u00f3n Espa\u00f1ola de Maestros y Operarios de Almazara\",\"publisher\":{\"@id\":\"https:\/\/aemoda.com\/en\/#organization\"},\"alternateName\":\"Asociaci\u00f3n Espa\u00f1ola de Maestros y Operarios de Almazara\",\"potentialAction\":[{\"@type\":\"SearchAction\",\"target\":{\"@type\":\"EntryPoint\",\"urlTemplate\":\"https:\/\/aemoda.com\/en\/?s={search_term_string}\"},\"query-input\":\"required name=search_term_string\"}],\"inLanguage\":\"en-US\"},{\"@type\":\"Organization\",\"@id\":\"https:\/\/aemoda.com\/en\/#organization\",\"name\":\"AEMODA, Asociaci\u00f3n Espa\u00f1ola de Maestros y Operarios de Almazara\",\"alternateName\":\"Asociaci\u00f3n Espa\u00f1ola de Maestros y Operarios de Almazara\",\"url\":\"https:\/\/aemoda.com\/en\/\",\"logo\":{\"@type\":\"ImageObject\",\"inLanguage\":\"en-US\",\"@id\":\"https:\/\/aemoda.com\/en\/#\/schema\/logo\/image\/\",\"url\":\"https:\/\/aemoda.com\/wp-content\/uploads\/2023\/04\/logo_3-removebg-preview.png\",\"contentUrl\":\"https:\/\/aemoda.com\/wp-content\/uploads\/2023\/04\/logo_3-removebg-preview.png\",\"width\":816,\"height\":306,\"caption\":\"AEMODA, Asociaci\u00f3n Espa\u00f1ola de Maestros y Operarios de Almazara\"},\"image\":{\"@id\":\"https:\/\/aemoda.com\/en\/#\/schema\/logo\/image\/\"},\"sameAs\":[\"https:\/\/www.facebook.com\/profile.php?id=100055135007306\"]},{\"@type\":\"Person\",\"@id\":\"https:\/\/aemoda.com\/en\/#\/schema\/person\/24b7d684912e523729541c94a08ae16e\",\"name\":\"gestor\",\"image\":{\"@type\":\"ImageObject\",\"inLanguage\":\"en-US\",\"@id\":\"https:\/\/aemoda.com\/en\/#\/schema\/person\/image\/\",\"url\":\"https:\/\/secure.gravatar.com\/avatar\/aa1309c942c4e5f1bd49e72ada90cf604957fe4abac30a61235a580a9e4884f9?s=96&d=mm&r=g\",\"contentUrl\":\"https:\/\/secure.gravatar.com\/avatar\/aa1309c942c4e5f1bd49e72ada90cf604957fe4abac30a61235a580a9e4884f9?s=96&d=mm&r=g\",\"caption\":\"gestor\"},\"sameAs\":[\"https:\/\/aemoda.com\/nueva\"],\"url\":\"https:\/\/aemoda.com\/en\/author\/gestor\/\"}]}<\/script>\n<!-- \/ Yoast SEO plugin. -->","yoast_head_json":{"title":"AEMODA also celebrates its 10th Anniversary in Italy - AEMODA","robots":{"index":"index","follow":"follow","max-snippet":"max-snippet:-1","max-image-preview":"max-image-preview:large","max-video-preview":"max-video-preview:-1"},"canonical":"https:\/\/aemoda.com\/en\/aemoda-also-celebrates-its-10th-anniversary-in-italy\/","og_locale":"en_US","og_type":"article","og_title":"AEMODA also celebrates its 10th Anniversary in Italy - AEMODA","og_description":"AEMODA will travel to Italy to commemorate its 10th anniversary: The Spanish Association of Olive Oil Mill Masters and Operators (AEMODA) celebrates its 10th anniversary in May and is organising training and dissemination events in the places where many of its members, both national and foreign, come from. In Italy it will be done in [&hellip;]","og_url":"https:\/\/aemoda.com\/en\/aemoda-also-celebrates-its-10th-anniversary-in-italy\/","og_site_name":"AEMODA","article_publisher":"https:\/\/www.facebook.com\/profile.php?id=100055135007306","article_published_time":"2023-05-16T17:29:59+00:00","article_modified_time":"2023-05-16T17:35:09+00:00","og_image":[{"width":1080,"height":1350,"url":"https:\/\/aemoda.com\/wp-content\/uploads\/2023\/05\/italia.jpg","type":"image\/jpeg"}],"author":"gestor","twitter_card":"summary_large_image","twitter_misc":{"Written by":"gestor"},"schema":{"@context":"https:\/\/schema.org","@graph":[{"@type":"Article","@id":"https:\/\/aemoda.com\/en\/aemoda-also-celebrates-its-10th-anniversary-in-italy\/#article","isPartOf":{"@id":"https:\/\/aemoda.com\/en\/aemoda-also-celebrates-its-10th-anniversary-in-italy\/"},"author":{"name":"gestor","@id":"https:\/\/aemoda.com\/en\/#\/schema\/person\/24b7d684912e523729541c94a08ae16e"},"headline":"AEMODA also celebrates its 10th Anniversary in Italy","datePublished":"2023-05-16T17:29:59+00:00","dateModified":"2023-05-16T17:35:09+00:00","mainEntityOfPage":{"@id":"https:\/\/aemoda.com\/en\/aemoda-also-celebrates-its-10th-anniversary-in-italy\/"},"wordCount":95,"publisher":{"@id":"https:\/\/aemoda.com\/en\/#organization"},"image":{"@id":"https:\/\/aemoda.com\/en\/aemoda-also-celebrates-its-10th-anniversary-in-italy\/#primaryimage"},"thumbnailUrl":"https:\/\/aemoda.com\/wp-content\/uploads\/2023\/05\/italia.jpg","inLanguage":"en-US"},{"@type":"WebPage","@id":"https:\/\/aemoda.com\/en\/aemoda-also-celebrates-its-10th-anniversary-in-italy\/","url":"https:\/\/aemoda.com\/en\/aemoda-also-celebrates-its-10th-anniversary-in-italy\/","name":"AEMODA also celebrates its 10th Anniversary in Italy - AEMODA","isPartOf":{"@id":"https:\/\/aemoda.com\/en\/#website"},"primaryImageOfPage":{"@id":"https:\/\/aemoda.com\/en\/aemoda-also-celebrates-its-10th-anniversary-in-italy\/#primaryimage"},"image":{"@id":"https:\/\/aemoda.com\/en\/aemoda-also-celebrates-its-10th-anniversary-in-italy\/#primaryimage"},"thumbnailUrl":"https:\/\/aemoda.com\/wp-content\/uploads\/2023\/05\/italia.jpg","datePublished":"2023-05-16T17:29:59+00:00","dateModified":"2023-05-16T17:35:09+00:00","breadcrumb":{"@id":"https:\/\/aemoda.com\/en\/aemoda-also-celebrates-its-10th-anniversary-in-italy\/#breadcrumb"},"inLanguage":"en-US","potentialAction":[{"@type":"ReadAction","target":["https:\/\/aemoda.com\/en\/aemoda-also-celebrates-its-10th-anniversary-in-italy\/"]}]},{"@type":"ImageObject","inLanguage":"en-US","@id":"https:\/\/aemoda.com\/en\/aemoda-also-celebrates-its-10th-anniversary-in-italy\/#primaryimage","url":"https:\/\/aemoda.com\/wp-content\/uploads\/2023\/05\/italia.jpg","contentUrl":"https:\/\/aemoda.com\/wp-content\/uploads\/2023\/05\/italia.jpg","width":1080,"height":1350},{"@type":"BreadcrumbList","@id":"https:\/\/aemoda.com\/en\/aemoda-also-celebrates-its-10th-anniversary-in-italy\/#breadcrumb","itemListElement":[{"@type":"ListItem","position":1,"name":"Portada","item":"https:\/\/aemoda.com\/en\/home\/"},{"@type":"ListItem","position":2,"name":"AEMODA also celebrates its 10th Anniversary in Italy"}]},{"@type":"WebSite","@id":"https:\/\/aemoda.com\/en\/#website","url":"https:\/\/aemoda.com\/en\/","name":"AEMODA","description":"Asociaci\u00f3n Espa\u00f1ola de Maestros y Operarios de Almazara","publisher":{"@id":"https:\/\/aemoda.com\/en\/#organization"},"alternateName":"Asociaci\u00f3n Espa\u00f1ola de Maestros y Operarios de Almazara","potentialAction":[{"@type":"SearchAction","target":{"@type":"EntryPoint","urlTemplate":"https:\/\/aemoda.com\/en\/?s={search_term_string}"},"query-input":"required name=search_term_string"}],"inLanguage":"en-US"},{"@type":"Organization","@id":"https:\/\/aemoda.com\/en\/#organization","name":"AEMODA, Asociaci\u00f3n Espa\u00f1ola de Maestros y Operarios de Almazara","alternateName":"Asociaci\u00f3n Espa\u00f1ola de Maestros y Operarios de Almazara","url":"https:\/\/aemoda.com\/en\/","logo":{"@type":"ImageObject","inLanguage":"en-US","@id":"https:\/\/aemoda.com\/en\/#\/schema\/logo\/image\/","url":"https:\/\/aemoda.com\/wp-content\/uploads\/2023\/04\/logo_3-removebg-preview.png","contentUrl":"https:\/\/aemoda.com\/wp-content\/uploads\/2023\/04\/logo_3-removebg-preview.png","width":816,"height":306,"caption":"AEMODA, Asociaci\u00f3n Espa\u00f1ola de Maestros y Operarios de Almazara"},"image":{"@id":"https:\/\/aemoda.com\/en\/#\/schema\/logo\/image\/"},"sameAs":["https:\/\/www.facebook.com\/profile.php?id=100055135007306"]},{"@type":"Person","@id":"https:\/\/aemoda.com\/en\/#\/schema\/person\/24b7d684912e523729541c94a08ae16e","name":"gestor","image":{"@type":"ImageObject","inLanguage":"en-US","@id":"https:\/\/aemoda.com\/en\/#\/schema\/person\/image\/","url":"https:\/\/secure.gravatar.com\/avatar\/aa1309c942c4e5f1bd49e72ada90cf604957fe4abac30a61235a580a9e4884f9?s=96&d=mm&r=g","contentUrl":"https:\/\/secure.gravatar.com\/avatar\/aa1309c942c4e5f1bd49e72ada90cf604957fe4abac30a61235a580a9e4884f9?s=96&d=mm&r=g","caption":"gestor"},"sameAs":["https:\/\/aemoda.com\/nueva"],"url":"https:\/\/aemoda.com\/en\/author\/gestor\/"}]}},"_links":{"self":[{"href":"https:\/\/aemoda.com\/en\/wp-json\/wp\/v2\/posts\/2428","targetHints":{"allow":["GET"]}}],"collection":[{"href":"https:\/\/aemoda.com\/en\/wp-json\/wp\/v2\/posts"}],"about":[{"href":"https:\/\/aemoda.com\/en\/wp-json\/wp\/v2\/types\/post"}],"author":[{"embeddable":true,"href":"https:\/\/aemoda.com\/en\/wp-json\/wp\/v2\/users\/1"}],"replies":[{"embeddable":true,"href":"https:\/\/aemoda.com\/en\/wp-json\/wp\/v2\/comments?post=2428"}],"version-history":[{"count":1,"href":"https:\/\/aemoda.com\/en\/wp-json\/wp\/v2\/posts\/2428\/revisions"}],"predecessor-version":[{"id":2429,"href":"https:\/\/aemoda.com\/en\/wp-json\/wp\/v2\/posts\/2428\/revisions\/2429"}],"wp:featuredmedia":[{"embeddable":true,"href":"https:\/\/aemoda.com\/en\/wp-json\/wp\/v2\/media\/2408"}],"wp:attachment":[{"href":"https:\/\/aemoda.com\/en\/wp-json\/wp\/v2\/media?parent=2428"}],"wp:term":[{"taxonomy":"category","embeddable":true,"href":"https:\/\/aemoda.com\/en\/wp-json\/wp\/v2\/categories?post=2428"},{"taxonomy":"post_tag","embeddable":true,"href":"https:\/\/aemoda.com\/en\/wp-json\/wp\/v2\/tags?post=2428"}],"curies":[{"name":"wp","href":"https:\/\/api.w.org\/{rel}","templated":true}]}}