{"id":2687,"date":"2023-05-21T10:18:29","date_gmt":"2023-05-21T10:18:29","guid":{"rendered":"https:\/\/aemoda.com\/aemoda-10th-anniversary-events-in-italy\/"},"modified":"2023-05-21T11:14:19","modified_gmt":"2023-05-21T11:14:19","slug":"aemoda-10th-anniversary-events-in-italy","status":"publish","type":"post","link":"https:\/\/aemoda.com\/en\/aemoda-10th-anniversary-events-in-italy\/","title":{"rendered":"AEMODA 10th Anniversary events in Italy"},"content":{"rendered":"<p>On the occasion of the 10th anniversary celebrations, our association has organised, together with our partner <span class=\"xt0psk2\">Leonardo Feola<\/span>, the first meeting of masters and managers of olive oil mills in Italy. During the conference there were interesting speakers dedicated to Spanish and Italian olive growing, olive oil tourism, valorisation of productions and territories. Emphasis was placed on the need for more events and experiences related to olive oil: participation in olive harvesting (even with school groups), tasting and cooking courses, didactic workshops and knowledge and training courses in the oil mills, dissemination of Oleotourism (combining the beauty of the area with the taste for our green gold), enhancement and protection of the crops in the countryside.<\/p>\nngg_shortcode_0_placeholder\n","protected":false},"excerpt":{"rendered":"<p>On the occasion of the 10th anniversary celebrations, our association has organised, together with our partner Leonardo Feola, the first meeting of masters and managers of olive oil mills in Italy. During the conference there were interesting speakers dedicated to Spanish and Italian olive growing, olive oil tourism, valorisation of productions and territories. Emphasis was [&hellip;]<\/p>\n","protected":false},"author":1,"featured_media":2679,"comment_status":"closed","ping_status":"closed","sticky":false,"template":"","format":"standard","meta":{"_et_pb_use_builder":"","_et_pb_old_content":"","_et_gb_content_width":"","ngg_post_thumbnail":0,"footnotes":""},"categories":[],"tags":[],"class_list":["post-2687","post","type-post","status-publish","format-standard","has-post-thumbnail","hentry"],"yoast_head":"<!-- This site is optimized with the Yoast SEO plugin v23.1 - https:\/\/yoast.com\/wordpress\/plugins\/seo\/ -->\n<title>AEMODA 10th Anniversary events in Italy - AEMODA<\/title>\n<meta name=\"robots\" content=\"index, follow, max-snippet:-1, max-image-preview:large, max-video-preview:-1\" \/>\n<link rel=\"canonical\" href=\"https:\/\/aemoda.com\/en\/aemoda-10th-anniversary-events-in-italy\/\" \/>\n<meta property=\"og:locale\" content=\"en_US\" \/>\n<meta property=\"og:type\" content=\"article\" \/>\n<meta property=\"og:title\" content=\"AEMODA 10th Anniversary events in Italy - AEMODA\" \/>\n<meta property=\"og:description\" content=\"On the occasion of the 10th anniversary celebrations, our association has organised, together with our partner Leonardo Feola, the first meeting of masters and managers of olive oil mills in Italy. During the conference there were interesting speakers dedicated to Spanish and Italian olive growing, olive oil tourism, valorisation of productions and territories. Emphasis was [&hellip;]\" \/>\n<meta property=\"og:url\" content=\"https:\/\/aemoda.com\/en\/aemoda-10th-anniversary-events-in-italy\/\" \/>\n<meta property=\"og:site_name\" content=\"AEMODA\" \/>\n<meta property=\"article:publisher\" content=\"https:\/\/www.facebook.com\/profile.php?id=100055135007306\" \/>\n<meta property=\"article:published_time\" content=\"2023-05-21T10:18:29+00:00\" \/>\n<meta property=\"article:modified_time\" content=\"2023-05-21T11:14:19+00:00\" \/>\n<meta property=\"og:image\" content=\"https:\/\/aemoda.com\/wp-content\/uploads\/2023\/05\/AEMODA-JORNADA-ITALIA-9.jpg\" \/>\n\t<meta property=\"og:image:width\" content=\"1600\" \/>\n\t<meta property=\"og:image:height\" content=\"1200\" \/>\n\t<meta property=\"og:image:type\" content=\"image\/jpeg\" \/>\n<meta name=\"author\" content=\"gestor\" \/>\n<meta name=\"twitter:card\" content=\"summary_large_image\" \/>\n<meta name=\"twitter:label1\" content=\"Written by\" \/>\n\t<meta name=\"twitter:data1\" content=\"gestor\" \/>\n\t<meta name=\"twitter:label2\" content=\"Est. reading time\" \/>\n\t<meta name=\"twitter:data2\" content=\"1 minute\" \/>\n<script type=\"application\/ld+json\" class=\"yoast-schema-graph\">{\"@context\":\"https:\/\/schema.org\",\"@graph\":[{\"@type\":\"Article\",\"@id\":\"https:\/\/aemoda.com\/en\/aemoda-10th-anniversary-events-in-italy\/#article\",\"isPartOf\":{\"@id\":\"https:\/\/aemoda.com\/en\/aemoda-10th-anniversary-events-in-italy\/\"},\"author\":{\"name\":\"gestor\",\"@id\":\"https:\/\/aemoda.com\/en\/#\/schema\/person\/24b7d684912e523729541c94a08ae16e\"},\"headline\":\"AEMODA 10th Anniversary events in Italy\",\"datePublished\":\"2023-05-21T10:18:29+00:00\",\"dateModified\":\"2023-05-21T11:14:19+00:00\",\"mainEntityOfPage\":{\"@id\":\"https:\/\/aemoda.com\/en\/aemoda-10th-anniversary-events-in-italy\/\"},\"wordCount\":131,\"publisher\":{\"@id\":\"https:\/\/aemoda.com\/en\/#organization\"},\"image\":{\"@id\":\"https:\/\/aemoda.com\/en\/aemoda-10th-anniversary-events-in-italy\/#primaryimage\"},\"thumbnailUrl\":\"https:\/\/aemoda.com\/wp-content\/uploads\/2023\/05\/AEMODA-JORNADA-ITALIA-9.jpg\",\"inLanguage\":\"en-US\"},{\"@type\":\"WebPage\",\"@id\":\"https:\/\/aemoda.com\/en\/aemoda-10th-anniversary-events-in-italy\/\",\"url\":\"https:\/\/aemoda.com\/en\/aemoda-10th-anniversary-events-in-italy\/\",\"name\":\"AEMODA 10th Anniversary events in Italy - AEMODA\",\"isPartOf\":{\"@id\":\"https:\/\/aemoda.com\/en\/#website\"},\"primaryImageOfPage\":{\"@id\":\"https:\/\/aemoda.com\/en\/aemoda-10th-anniversary-events-in-italy\/#primaryimage\"},\"image\":{\"@id\":\"https:\/\/aemoda.com\/en\/aemoda-10th-anniversary-events-in-italy\/#primaryimage\"},\"thumbnailUrl\":\"https:\/\/aemoda.com\/wp-content\/uploads\/2023\/05\/AEMODA-JORNADA-ITALIA-9.jpg\",\"datePublished\":\"2023-05-21T10:18:29+00:00\",\"dateModified\":\"2023-05-21T11:14:19+00:00\",\"breadcrumb\":{\"@id\":\"https:\/\/aemoda.com\/en\/aemoda-10th-anniversary-events-in-italy\/#breadcrumb\"},\"inLanguage\":\"en-US\",\"potentialAction\":[{\"@type\":\"ReadAction\",\"target\":[\"https:\/\/aemoda.com\/en\/aemoda-10th-anniversary-events-in-italy\/\"]}]},{\"@type\":\"ImageObject\",\"inLanguage\":\"en-US\",\"@id\":\"https:\/\/aemoda.com\/en\/aemoda-10th-anniversary-events-in-italy\/#primaryimage\",\"url\":\"https:\/\/aemoda.com\/wp-content\/uploads\/2023\/05\/AEMODA-JORNADA-ITALIA-9.jpg\",\"contentUrl\":\"https:\/\/aemoda.com\/wp-content\/uploads\/2023\/05\/AEMODA-JORNADA-ITALIA-9.jpg\",\"width\":1600,\"height\":1200},{\"@type\":\"BreadcrumbList\",\"@id\":\"https:\/\/aemoda.com\/en\/aemoda-10th-anniversary-events-in-italy\/#breadcrumb\",\"itemListElement\":[{\"@type\":\"ListItem\",\"position\":1,\"name\":\"Portada\",\"item\":\"https:\/\/aemoda.com\/en\/home\/\"},{\"@type\":\"ListItem\",\"position\":2,\"name\":\"AEMODA 10th Anniversary events in Italy\"}]},{\"@type\":\"WebSite\",\"@id\":\"https:\/\/aemoda.com\/en\/#website\",\"url\":\"https:\/\/aemoda.com\/en\/\",\"name\":\"AEMODA\",\"description\":\"Asociaci\u00f3n Espa\u00f1ola de Maestros y Operarios de Almazara\",\"publisher\":{\"@id\":\"https:\/\/aemoda.com\/en\/#organization\"},\"alternateName\":\"Asociaci\u00f3n Espa\u00f1ola de Maestros y Operarios de Almazara\",\"potentialAction\":[{\"@type\":\"SearchAction\",\"target\":{\"@type\":\"EntryPoint\",\"urlTemplate\":\"https:\/\/aemoda.com\/en\/?s={search_term_string}\"},\"query-input\":\"required name=search_term_string\"}],\"inLanguage\":\"en-US\"},{\"@type\":\"Organization\",\"@id\":\"https:\/\/aemoda.com\/en\/#organization\",\"name\":\"AEMODA, Asociaci\u00f3n Espa\u00f1ola de Maestros y Operarios de Almazara\",\"alternateName\":\"Asociaci\u00f3n Espa\u00f1ola de Maestros y Operarios de Almazara\",\"url\":\"https:\/\/aemoda.com\/en\/\",\"logo\":{\"@type\":\"ImageObject\",\"inLanguage\":\"en-US\",\"@id\":\"https:\/\/aemoda.com\/en\/#\/schema\/logo\/image\/\",\"url\":\"https:\/\/aemoda.com\/wp-content\/uploads\/2023\/04\/logo_3-removebg-preview.png\",\"contentUrl\":\"https:\/\/aemoda.com\/wp-content\/uploads\/2023\/04\/logo_3-removebg-preview.png\",\"width\":816,\"height\":306,\"caption\":\"AEMODA, Asociaci\u00f3n Espa\u00f1ola de Maestros y Operarios de Almazara\"},\"image\":{\"@id\":\"https:\/\/aemoda.com\/en\/#\/schema\/logo\/image\/\"},\"sameAs\":[\"https:\/\/www.facebook.com\/profile.php?id=100055135007306\"]},{\"@type\":\"Person\",\"@id\":\"https:\/\/aemoda.com\/en\/#\/schema\/person\/24b7d684912e523729541c94a08ae16e\",\"name\":\"gestor\",\"image\":{\"@type\":\"ImageObject\",\"inLanguage\":\"en-US\",\"@id\":\"https:\/\/aemoda.com\/en\/#\/schema\/person\/image\/\",\"url\":\"https:\/\/secure.gravatar.com\/avatar\/aa1309c942c4e5f1bd49e72ada90cf604957fe4abac30a61235a580a9e4884f9?s=96&d=mm&r=g\",\"contentUrl\":\"https:\/\/secure.gravatar.com\/avatar\/aa1309c942c4e5f1bd49e72ada90cf604957fe4abac30a61235a580a9e4884f9?s=96&d=mm&r=g\",\"caption\":\"gestor\"},\"sameAs\":[\"https:\/\/aemoda.com\/nueva\"],\"url\":\"https:\/\/aemoda.com\/en\/author\/gestor\/\"}]}<\/script>\n<!-- \/ Yoast SEO plugin. -->","yoast_head_json":{"title":"AEMODA 10th Anniversary events in Italy - AEMODA","robots":{"index":"index","follow":"follow","max-snippet":"max-snippet:-1","max-image-preview":"max-image-preview:large","max-video-preview":"max-video-preview:-1"},"canonical":"https:\/\/aemoda.com\/en\/aemoda-10th-anniversary-events-in-italy\/","og_locale":"en_US","og_type":"article","og_title":"AEMODA 10th Anniversary events in Italy - AEMODA","og_description":"On the occasion of the 10th anniversary celebrations, our association has organised, together with our partner Leonardo Feola, the first meeting of masters and managers of olive oil mills in Italy. During the conference there were interesting speakers dedicated to Spanish and Italian olive growing, olive oil tourism, valorisation of productions and territories. Emphasis was [&hellip;]","og_url":"https:\/\/aemoda.com\/en\/aemoda-10th-anniversary-events-in-italy\/","og_site_name":"AEMODA","article_publisher":"https:\/\/www.facebook.com\/profile.php?id=100055135007306","article_published_time":"2023-05-21T10:18:29+00:00","article_modified_time":"2023-05-21T11:14:19+00:00","og_image":[{"width":1600,"height":1200,"url":"https:\/\/aemoda.com\/wp-content\/uploads\/2023\/05\/AEMODA-JORNADA-ITALIA-9.jpg","type":"image\/jpeg"}],"author":"gestor","twitter_card":"summary_large_image","twitter_misc":{"Written by":"gestor","Est. reading time":"1 minute"},"schema":{"@context":"https:\/\/schema.org","@graph":[{"@type":"Article","@id":"https:\/\/aemoda.com\/en\/aemoda-10th-anniversary-events-in-italy\/#article","isPartOf":{"@id":"https:\/\/aemoda.com\/en\/aemoda-10th-anniversary-events-in-italy\/"},"author":{"name":"gestor","@id":"https:\/\/aemoda.com\/en\/#\/schema\/person\/24b7d684912e523729541c94a08ae16e"},"headline":"AEMODA 10th Anniversary events in Italy","datePublished":"2023-05-21T10:18:29+00:00","dateModified":"2023-05-21T11:14:19+00:00","mainEntityOfPage":{"@id":"https:\/\/aemoda.com\/en\/aemoda-10th-anniversary-events-in-italy\/"},"wordCount":131,"publisher":{"@id":"https:\/\/aemoda.com\/en\/#organization"},"image":{"@id":"https:\/\/aemoda.com\/en\/aemoda-10th-anniversary-events-in-italy\/#primaryimage"},"thumbnailUrl":"https:\/\/aemoda.com\/wp-content\/uploads\/2023\/05\/AEMODA-JORNADA-ITALIA-9.jpg","inLanguage":"en-US"},{"@type":"WebPage","@id":"https:\/\/aemoda.com\/en\/aemoda-10th-anniversary-events-in-italy\/","url":"https:\/\/aemoda.com\/en\/aemoda-10th-anniversary-events-in-italy\/","name":"AEMODA 10th Anniversary events in Italy - AEMODA","isPartOf":{"@id":"https:\/\/aemoda.com\/en\/#website"},"primaryImageOfPage":{"@id":"https:\/\/aemoda.com\/en\/aemoda-10th-anniversary-events-in-italy\/#primaryimage"},"image":{"@id":"https:\/\/aemoda.com\/en\/aemoda-10th-anniversary-events-in-italy\/#primaryimage"},"thumbnailUrl":"https:\/\/aemoda.com\/wp-content\/uploads\/2023\/05\/AEMODA-JORNADA-ITALIA-9.jpg","datePublished":"2023-05-21T10:18:29+00:00","dateModified":"2023-05-21T11:14:19+00:00","breadcrumb":{"@id":"https:\/\/aemoda.com\/en\/aemoda-10th-anniversary-events-in-italy\/#breadcrumb"},"inLanguage":"en-US","potentialAction":[{"@type":"ReadAction","target":["https:\/\/aemoda.com\/en\/aemoda-10th-anniversary-events-in-italy\/"]}]},{"@type":"ImageObject","inLanguage":"en-US","@id":"https:\/\/aemoda.com\/en\/aemoda-10th-anniversary-events-in-italy\/#primaryimage","url":"https:\/\/aemoda.com\/wp-content\/uploads\/2023\/05\/AEMODA-JORNADA-ITALIA-9.jpg","contentUrl":"https:\/\/aemoda.com\/wp-content\/uploads\/2023\/05\/AEMODA-JORNADA-ITALIA-9.jpg","width":1600,"height":1200},{"@type":"BreadcrumbList","@id":"https:\/\/aemoda.com\/en\/aemoda-10th-anniversary-events-in-italy\/#breadcrumb","itemListElement":[{"@type":"ListItem","position":1,"name":"Portada","item":"https:\/\/aemoda.com\/en\/home\/"},{"@type":"ListItem","position":2,"name":"AEMODA 10th Anniversary events in Italy"}]},{"@type":"WebSite","@id":"https:\/\/aemoda.com\/en\/#website","url":"https:\/\/aemoda.com\/en\/","name":"AEMODA","description":"Asociaci\u00f3n Espa\u00f1ola de Maestros y Operarios de Almazara","publisher":{"@id":"https:\/\/aemoda.com\/en\/#organization"},"alternateName":"Asociaci\u00f3n Espa\u00f1ola de Maestros y Operarios de Almazara","potentialAction":[{"@type":"SearchAction","target":{"@type":"EntryPoint","urlTemplate":"https:\/\/aemoda.com\/en\/?s={search_term_string}"},"query-input":"required name=search_term_string"}],"inLanguage":"en-US"},{"@type":"Organization","@id":"https:\/\/aemoda.com\/en\/#organization","name":"AEMODA, Asociaci\u00f3n Espa\u00f1ola de Maestros y Operarios de Almazara","alternateName":"Asociaci\u00f3n Espa\u00f1ola de Maestros y Operarios de Almazara","url":"https:\/\/aemoda.com\/en\/","logo":{"@type":"ImageObject","inLanguage":"en-US","@id":"https:\/\/aemoda.com\/en\/#\/schema\/logo\/image\/","url":"https:\/\/aemoda.com\/wp-content\/uploads\/2023\/04\/logo_3-removebg-preview.png","contentUrl":"https:\/\/aemoda.com\/wp-content\/uploads\/2023\/04\/logo_3-removebg-preview.png","width":816,"height":306,"caption":"AEMODA, Asociaci\u00f3n Espa\u00f1ola de Maestros y Operarios de Almazara"},"image":{"@id":"https:\/\/aemoda.com\/en\/#\/schema\/logo\/image\/"},"sameAs":["https:\/\/www.facebook.com\/profile.php?id=100055135007306"]},{"@type":"Person","@id":"https:\/\/aemoda.com\/en\/#\/schema\/person\/24b7d684912e523729541c94a08ae16e","name":"gestor","image":{"@type":"ImageObject","inLanguage":"en-US","@id":"https:\/\/aemoda.com\/en\/#\/schema\/person\/image\/","url":"https:\/\/secure.gravatar.com\/avatar\/aa1309c942c4e5f1bd49e72ada90cf604957fe4abac30a61235a580a9e4884f9?s=96&d=mm&r=g","contentUrl":"https:\/\/secure.gravatar.com\/avatar\/aa1309c942c4e5f1bd49e72ada90cf604957fe4abac30a61235a580a9e4884f9?s=96&d=mm&r=g","caption":"gestor"},"sameAs":["https:\/\/aemoda.com\/nueva"],"url":"https:\/\/aemoda.com\/en\/author\/gestor\/"}]}},"_links":{"self":[{"href":"https:\/\/aemoda.com\/en\/wp-json\/wp\/v2\/posts\/2687","targetHints":{"allow":["GET"]}}],"collection":[{"href":"https:\/\/aemoda.com\/en\/wp-json\/wp\/v2\/posts"}],"about":[{"href":"https:\/\/aemoda.com\/en\/wp-json\/wp\/v2\/types\/post"}],"author":[{"embeddable":true,"href":"https:\/\/aemoda.com\/en\/wp-json\/wp\/v2\/users\/1"}],"replies":[{"embeddable":true,"href":"https:\/\/aemoda.com\/en\/wp-json\/wp\/v2\/comments?post=2687"}],"version-history":[{"count":1,"href":"https:\/\/aemoda.com\/en\/wp-json\/wp\/v2\/posts\/2687\/revisions"}],"predecessor-version":[{"id":2708,"href":"https:\/\/aemoda.com\/en\/wp-json\/wp\/v2\/posts\/2687\/revisions\/2708"}],"wp:featuredmedia":[{"embeddable":true,"href":"https:\/\/aemoda.com\/en\/wp-json\/wp\/v2\/media\/2679"}],"wp:attachment":[{"href":"https:\/\/aemoda.com\/en\/wp-json\/wp\/v2\/media?parent=2687"}],"wp:term":[{"taxonomy":"category","embeddable":true,"href":"https:\/\/aemoda.com\/en\/wp-json\/wp\/v2\/categories?post=2687"},{"taxonomy":"post_tag","embeddable":true,"href":"https:\/\/aemoda.com\/en\/wp-json\/wp\/v2\/tags?post=2687"}],"curies":[{"name":"wp","href":"https:\/\/api.w.org\/{rel}","templated":true}]}}