{"id":3225,"date":"2024-03-04T20:50:48","date_gmt":"2024-03-04T20:50:48","guid":{"rendered":"https:\/\/aemoda.com\/5th-national-congress-of-masters-and-operators-of-olive-mills\/"},"modified":"2024-03-11T14:01:07","modified_gmt":"2024-03-11T14:01:07","slug":"5th-national-congress-of-masters-and-operators-of-olive-mills","status":"publish","type":"post","link":"https:\/\/aemoda.com\/en\/5th-national-congress-of-masters-and-operators-of-olive-mills\/","title":{"rendered":"5TH NATIONAL CONGRESS OF MASTERS AND OPERATORS OF OLIVE MILLS"},"content":{"rendered":"<p>[et_pb_section fb_built=&#8221;1&#8243; _builder_version=&#8221;4.16&#8243; global_colors_info=&#8221;{}&#8221;][et_pb_row _builder_version=&#8221;4.16&#8243; background_size=&#8221;initial&#8221; background_position=&#8221;top_left&#8221; background_repeat=&#8221;repeat&#8221; global_colors_info=&#8221;{}&#8221;][et_pb_column type=&#8221;4_4&#8243; _builder_version=&#8221;4.16&#8243; custom_padding=&#8221;|||&#8221; global_colors_info=&#8221;{}&#8221; custom_padding__hover=&#8221;|||&#8221;][et_pb_text _builder_version=&#8221;4.23.1&#8243; background_size=&#8221;initial&#8221; background_position=&#8221;top_left&#8221; background_repeat=&#8221;repeat&#8221; global_colors_info=&#8221;{}&#8221;]<\/p>\n<h2 style=\"text-align: center;\">REFERENCE EVENT FOR THE OLIVE OIL MILL MASTER<\/h2>\n<p>\u00dabeda, a World Heritage City with a great tradition in the olive sector, is once again the place chosen to consolidate the V Congress of Olive Oil Mill Masters and Operators as a reference project for the wide range of professionals working in the olive oil sector.<\/p>\n<p>This biennial event covers in its program the main topics of concern for the oil mill master and operator, as well as the most significant cases of the recently concluded campaign.<\/p>\n<p>Top-level speakers, together with the experience provided by the professionals and companies present, make up an excellent platform for the exchange of knowledge.<\/p>\n<p>The Spanish Association of Olive Mill Masters and Operators, which has more than 600 members worldwide and more than a hundred collaborating companies, and Interempresas, the leading B2B publishing house in the Iberian Peninsula and publisher of the specialized publication Almazaras, have managed to bring together more than 1,500 professionals at all their congresses and meetings in recent years.<\/p>\n<p>The organizing committee, formed by both entities, will once again join forces to attract on April 13, 2024, in the old Hospital de Santiago de \u00dabeda, hundreds of professionals who wish to share their knowledge and the idiosyncrasies of their daily work, in addition to learning about the latest developments in machinery, products and services offered by the industry.<\/p>\n<p>Thanks to the support of the City Council of \u00dabeda, the Diputaci\u00f3n de Ja\u00e9n and the Centro de Interpretaci\u00f3n &#8216;Olivar y Aceite&#8217;, the Congress achieves an even greater echo at social and media level.<\/p>\n<h2 style=\"text-align: center;\">PROGRAM<\/h2>\n<p>08:45 Registration and accreditation of attendees<\/p>\n<p>09:15 Inauguration<\/p>\n<p>Francisco Javier Lozano Blanco, Deputy of Promotion and Tourism of Ja\u00e9n<\/p>\n<p>09:45 Opening speech: The administration and management of olive oil mills, from the production manager&#8217;s perspective.<\/p>\n<p>Presentation of a collaborative book* Juan Vilar Hern\u00e1ndez, CEO and founder of Juan Vilar Consultores Estrat\u00e9gicos<\/p>\n<p>* The funds raised will go to the 22q11.2 Syndrome Association.<\/p>\n<p>10:00 Presentation of the study &#8216;Risks of quality loss with olive harvesting by combine harvester&#8217;.<\/p>\n<ul>\n<li>Alfonso Monta\u00f1o Garc\u00eda, Head of the Food Technology Area and R&amp;D Groups at CTAEX<\/li>\n<li>Jes\u00fas Serrano Berrocal, Project Director, ARRAM Consultores<\/li>\n<\/ul>\n<p>10:30 Aemoda Space: New developments in terms of training, benefits of the 2024 membership card<\/p>\n<p>10:45 Aemoda 2024 Awards 11:00 Networking and EVOOs tasting<\/p>\n<p>11:30 Speech in the Julio Corzo Room of PIERALISI 11:45 Speech in the Julio Corzo Room of IMS<\/p>\n<p>12:00 Round Table: Extraction Parameters and New Varieties<\/p>\n<ul>\n<li>Moderator: Alfonso Monta\u00f1o Garc\u00eda, Head of the Food Technology and R&amp;D Groups Area of CTAEX<\/li>\n<li>Ram\u00f3n Rodriguez Ni\u00f1o, After Sales Technician Supervisor Andaluc\u00eda, Castilla La Mancha, Extremadura and Portugal of Pieralisi Paco de la Torre, German Centrifugation<\/li>\n<li>Antonio Benito Cabello de Alba, Sales Manager for olive oil at Alfa Laval Joaqu\u00edn Palac\u00edn, Andritz &#8211; J. Palac\u00edn<\/li>\n<li>Alberto Bueno Galan, Sales Director &#8211; Sales Director at HAUS Iberia<\/li>\n<li>Francisco Plaza, Head of Olive Oil Service, GEA Westfalia Separator Ib\u00e9rica<\/li>\n<\/ul>\n<p>13:30 Pieralisi Award to the Best Oil Mill Master<\/p>\n<p>14:00 Lunch and Networking in the inner courtyard. Tasting of Bejijar sweets with Riska de Andujar liqueurs, at the sponsors&#8217; stands, courtesy of AEMODA.<\/p>\n<p>14:45 Lecture in the Julio Corzo Room of FOOD TECH<\/p>\n<p>15:15 Lecture in Julio Corzo Room of OPTICEPT: &#8220;Electric pulses: How to improve exhaustion and quality?&#8221;<\/p>\n<p>Carlos Fuentes Andrade, Director of Sales and Operations at OPTICEPT Technologies<\/p>\n<p>15:30 Recent innovations for oil extraction and future perspectives of process control<\/p>\n<p>Leonardo Feola, Agronomist and technician of Confagricoltura Salerno Alessandro Leone, Professor at Aldo Moro University of Bari (Live connection)<\/p>\n<p>15:45 Round table: Automation of olive oil mills<\/p>\n<ul>\n<li>Moderator: Miguel Abad, Technical Consultant in Olive Growing and Olive Oil Technology, Olive Oil Taster<\/li>\n<li>Pedro Jose Mart\u00ednez Mart\u00ednez, Managing Director IMS<\/li>\n<li>Juan Miguel Tarifa Cuevas, Programmer Analyst of the automation area of Imatec 31<\/li>\n<li>Rafa Basc\u00f3n Berrios, CEO and founder of Automatismos ITEA<\/li>\n<li>Ram\u00f3n Gilaber Mayenco, Technical Director at GESCA AUTOMATISMOS<\/li>\n<li>Rafael J. Vilches Oyonarte, Commercial Director, INDEA<\/li>\n<\/ul>\n<p>17:45 IMS Award for Digital Independence<\/p>\n<p>18:15 Closing and farewell<\/p>\n<p>&nbsp;<\/p>\n<p>&nbsp;<\/p>\n<p>[\/et_pb_text][et_pb_button button_url=&#8221;https:\/\/www.interempresas.net\/boletin\/2024\/03\/Almazaras\/default2.htm&#8221; button_text=&#8221;CONGRESS WEBSITE&#8221; button_alignment=&#8221;center&#8221; _builder_version=&#8221;4.23.1&#8243; _module_preset=&#8221;default&#8221; hover_enabled=&#8221;0&#8243; global_colors_info=&#8221;{}&#8221; sticky_enabled=&#8221;0&#8243;][\/et_pb_button][et_pb_button button_url=&#8221;https:\/\/www.interempresas.net\/CC\/9fTBbkTR9dRkfzpedR_0ufr6W.8.html&#8221; button_text=&#8221;REGISTER HERE&#8221; button_alignment=&#8221;center&#8221; _builder_version=&#8221;4.23.1&#8243; _module_preset=&#8221;default&#8221; hover_enabled=&#8221;0&#8243; global_colors_info=&#8221;{}&#8221; sticky_enabled=&#8221;0&#8243;][\/et_pb_button][et_pb_button button_url=&#8221;https:\/\/www.interempresas.net\/CC\/gQNf0KKk5rc3mc2seEQhmUXMYok.html&#8221; button_text=&#8221;DOWNLOAD THE PROGRAM HERE&#8221; button_alignment=&#8221;center&#8221; admin_label=&#8221;Bot\u00f3n&#8221; _builder_version=&#8221;4.23.1&#8243; _module_preset=&#8221;default&#8221; hover_enabled=&#8221;0&#8243; global_colors_info=&#8221;{}&#8221; sticky_enabled=&#8221;0&#8243;][\/et_pb_button][\/et_pb_column][\/et_pb_row][\/et_pb_section]<\/p>\n","protected":false},"excerpt":{"rendered":"<p>REFERENCE EVENT FOR THE OLIVE OIL MILL MASTER \u00dabeda, a World Heritage City with a great tradition in the olive sector, is once again the place chosen to consolidate the V Congress of Olive Oil Mill Masters and Operators as a reference project for the wide range of professionals working in the olive oil sector. [&hellip;]<\/p>\n","protected":false},"author":1,"featured_media":265,"comment_status":"closed","ping_status":"closed","sticky":false,"template":"","format":"standard","meta":{"_et_pb_use_builder":"on","_et_pb_old_content":"","_et_gb_content_width":"","ngg_post_thumbnail":0,"footnotes":""},"categories":[],"tags":[],"class_list":["post-3225","post","type-post","status-publish","format-standard","has-post-thumbnail","hentry"],"yoast_head":"<!-- This site is optimized with the Yoast SEO plugin v23.1 - https:\/\/yoast.com\/wordpress\/plugins\/seo\/ -->\n<title>5TH NATIONAL CONGRESS OF MASTERS AND OPERATORS OF OLIVE MILLS - AEMODA<\/title>\n<meta name=\"robots\" content=\"index, follow, max-snippet:-1, max-image-preview:large, max-video-preview:-1\" \/>\n<link rel=\"canonical\" href=\"https:\/\/aemoda.com\/en\/5th-national-congress-of-masters-and-operators-of-olive-mills\/\" \/>\n<meta property=\"og:locale\" content=\"en_US\" \/>\n<meta property=\"og:type\" content=\"article\" \/>\n<meta property=\"og:title\" content=\"5TH NATIONAL CONGRESS OF MASTERS AND OPERATORS OF OLIVE MILLS - AEMODA\" \/>\n<meta property=\"og:description\" content=\"REFERENCE EVENT FOR THE OLIVE OIL MILL MASTER \u00dabeda, a World Heritage City with a great tradition in the olive sector, is once again the place chosen to consolidate the V Congress of Olive Oil Mill Masters and Operators as a reference project for the wide range of professionals working in the olive oil sector. [&hellip;]\" \/>\n<meta property=\"og:url\" content=\"https:\/\/aemoda.com\/en\/5th-national-congress-of-masters-and-operators-of-olive-mills\/\" \/>\n<meta property=\"og:site_name\" content=\"AEMODA\" \/>\n<meta property=\"article:publisher\" content=\"https:\/\/www.facebook.com\/profile.php?id=100055135007306\" \/>\n<meta property=\"article:published_time\" content=\"2024-03-04T20:50:48+00:00\" \/>\n<meta property=\"article:modified_time\" content=\"2024-03-11T14:01:07+00:00\" \/>\n<meta property=\"og:image\" content=\"https:\/\/aemoda.com\/wp-content\/uploads\/2023\/04\/CONGRESO-AEMODA.jpg\" \/>\n\t<meta property=\"og:image:width\" content=\"1248\" \/>\n\t<meta property=\"og:image:height\" content=\"770\" \/>\n\t<meta property=\"og:image:type\" content=\"image\/jpeg\" \/>\n<meta name=\"author\" content=\"gestor\" \/>\n<meta name=\"twitter:card\" content=\"summary_large_image\" \/>\n<meta name=\"twitter:label1\" content=\"Written by\" \/>\n\t<meta name=\"twitter:data1\" content=\"gestor\" \/>\n\t<meta name=\"twitter:label2\" content=\"Est. reading time\" \/>\n\t<meta name=\"twitter:data2\" content=\"4 minutes\" \/>\n<script type=\"application\/ld+json\" class=\"yoast-schema-graph\">{\"@context\":\"https:\/\/schema.org\",\"@graph\":[{\"@type\":\"Article\",\"@id\":\"https:\/\/aemoda.com\/en\/5th-national-congress-of-masters-and-operators-of-olive-mills\/#article\",\"isPartOf\":{\"@id\":\"https:\/\/aemoda.com\/en\/5th-national-congress-of-masters-and-operators-of-olive-mills\/\"},\"author\":{\"name\":\"gestor\",\"@id\":\"https:\/\/aemoda.com\/en\/#\/schema\/person\/24b7d684912e523729541c94a08ae16e\"},\"headline\":\"5TH NATIONAL CONGRESS OF MASTERS AND OPERATORS OF OLIVE MILLS\",\"datePublished\":\"2024-03-04T20:50:48+00:00\",\"dateModified\":\"2024-03-11T14:01:07+00:00\",\"mainEntityOfPage\":{\"@id\":\"https:\/\/aemoda.com\/en\/5th-national-congress-of-masters-and-operators-of-olive-mills\/\"},\"wordCount\":868,\"publisher\":{\"@id\":\"https:\/\/aemoda.com\/en\/#organization\"},\"image\":{\"@id\":\"https:\/\/aemoda.com\/en\/5th-national-congress-of-masters-and-operators-of-olive-mills\/#primaryimage\"},\"thumbnailUrl\":\"https:\/\/aemoda.com\/wp-content\/uploads\/2023\/04\/CONGRESO-AEMODA.jpg\",\"inLanguage\":\"en-US\"},{\"@type\":\"WebPage\",\"@id\":\"https:\/\/aemoda.com\/en\/5th-national-congress-of-masters-and-operators-of-olive-mills\/\",\"url\":\"https:\/\/aemoda.com\/en\/5th-national-congress-of-masters-and-operators-of-olive-mills\/\",\"name\":\"5TH NATIONAL CONGRESS OF MASTERS AND OPERATORS OF OLIVE MILLS - AEMODA\",\"isPartOf\":{\"@id\":\"https:\/\/aemoda.com\/en\/#website\"},\"primaryImageOfPage\":{\"@id\":\"https:\/\/aemoda.com\/en\/5th-national-congress-of-masters-and-operators-of-olive-mills\/#primaryimage\"},\"image\":{\"@id\":\"https:\/\/aemoda.com\/en\/5th-national-congress-of-masters-and-operators-of-olive-mills\/#primaryimage\"},\"thumbnailUrl\":\"https:\/\/aemoda.com\/wp-content\/uploads\/2023\/04\/CONGRESO-AEMODA.jpg\",\"datePublished\":\"2024-03-04T20:50:48+00:00\",\"dateModified\":\"2024-03-11T14:01:07+00:00\",\"breadcrumb\":{\"@id\":\"https:\/\/aemoda.com\/en\/5th-national-congress-of-masters-and-operators-of-olive-mills\/#breadcrumb\"},\"inLanguage\":\"en-US\",\"potentialAction\":[{\"@type\":\"ReadAction\",\"target\":[\"https:\/\/aemoda.com\/en\/5th-national-congress-of-masters-and-operators-of-olive-mills\/\"]}]},{\"@type\":\"ImageObject\",\"inLanguage\":\"en-US\",\"@id\":\"https:\/\/aemoda.com\/en\/5th-national-congress-of-masters-and-operators-of-olive-mills\/#primaryimage\",\"url\":\"https:\/\/aemoda.com\/wp-content\/uploads\/2023\/04\/CONGRESO-AEMODA.jpg\",\"contentUrl\":\"https:\/\/aemoda.com\/wp-content\/uploads\/2023\/04\/CONGRESO-AEMODA.jpg\",\"width\":1248,\"height\":770},{\"@type\":\"BreadcrumbList\",\"@id\":\"https:\/\/aemoda.com\/en\/5th-national-congress-of-masters-and-operators-of-olive-mills\/#breadcrumb\",\"itemListElement\":[{\"@type\":\"ListItem\",\"position\":1,\"name\":\"Portada\",\"item\":\"https:\/\/aemoda.com\/en\/home\/\"},{\"@type\":\"ListItem\",\"position\":2,\"name\":\"5TH NATIONAL CONGRESS OF MASTERS AND OPERATORS OF OLIVE MILLS\"}]},{\"@type\":\"WebSite\",\"@id\":\"https:\/\/aemoda.com\/en\/#website\",\"url\":\"https:\/\/aemoda.com\/en\/\",\"name\":\"AEMODA\",\"description\":\"Asociaci\u00f3n Espa\u00f1ola de Maestros y Operarios de Almazara\",\"publisher\":{\"@id\":\"https:\/\/aemoda.com\/en\/#organization\"},\"alternateName\":\"Asociaci\u00f3n Espa\u00f1ola de Maestros y Operarios de Almazara\",\"potentialAction\":[{\"@type\":\"SearchAction\",\"target\":{\"@type\":\"EntryPoint\",\"urlTemplate\":\"https:\/\/aemoda.com\/en\/?s={search_term_string}\"},\"query-input\":\"required name=search_term_string\"}],\"inLanguage\":\"en-US\"},{\"@type\":\"Organization\",\"@id\":\"https:\/\/aemoda.com\/en\/#organization\",\"name\":\"AEMODA, Asociaci\u00f3n Espa\u00f1ola de Maestros y Operarios de Almazara\",\"alternateName\":\"Asociaci\u00f3n Espa\u00f1ola de Maestros y Operarios de Almazara\",\"url\":\"https:\/\/aemoda.com\/en\/\",\"logo\":{\"@type\":\"ImageObject\",\"inLanguage\":\"en-US\",\"@id\":\"https:\/\/aemoda.com\/en\/#\/schema\/logo\/image\/\",\"url\":\"https:\/\/aemoda.com\/wp-content\/uploads\/2023\/04\/logo_3-removebg-preview.png\",\"contentUrl\":\"https:\/\/aemoda.com\/wp-content\/uploads\/2023\/04\/logo_3-removebg-preview.png\",\"width\":816,\"height\":306,\"caption\":\"AEMODA, Asociaci\u00f3n Espa\u00f1ola de Maestros y Operarios de Almazara\"},\"image\":{\"@id\":\"https:\/\/aemoda.com\/en\/#\/schema\/logo\/image\/\"},\"sameAs\":[\"https:\/\/www.facebook.com\/profile.php?id=100055135007306\"]},{\"@type\":\"Person\",\"@id\":\"https:\/\/aemoda.com\/en\/#\/schema\/person\/24b7d684912e523729541c94a08ae16e\",\"name\":\"gestor\",\"image\":{\"@type\":\"ImageObject\",\"inLanguage\":\"en-US\",\"@id\":\"https:\/\/aemoda.com\/en\/#\/schema\/person\/image\/\",\"url\":\"https:\/\/secure.gravatar.com\/avatar\/aa1309c942c4e5f1bd49e72ada90cf604957fe4abac30a61235a580a9e4884f9?s=96&d=mm&r=g\",\"contentUrl\":\"https:\/\/secure.gravatar.com\/avatar\/aa1309c942c4e5f1bd49e72ada90cf604957fe4abac30a61235a580a9e4884f9?s=96&d=mm&r=g\",\"caption\":\"gestor\"},\"sameAs\":[\"https:\/\/aemoda.com\/nueva\"],\"url\":\"https:\/\/aemoda.com\/en\/author\/gestor\/\"}]}<\/script>\n<!-- \/ Yoast SEO plugin. -->","yoast_head_json":{"title":"5TH NATIONAL CONGRESS OF MASTERS AND OPERATORS OF OLIVE MILLS - AEMODA","robots":{"index":"index","follow":"follow","max-snippet":"max-snippet:-1","max-image-preview":"max-image-preview:large","max-video-preview":"max-video-preview:-1"},"canonical":"https:\/\/aemoda.com\/en\/5th-national-congress-of-masters-and-operators-of-olive-mills\/","og_locale":"en_US","og_type":"article","og_title":"5TH NATIONAL CONGRESS OF MASTERS AND OPERATORS OF OLIVE MILLS - AEMODA","og_description":"REFERENCE EVENT FOR THE OLIVE OIL MILL MASTER \u00dabeda, a World Heritage City with a great tradition in the olive sector, is once again the place chosen to consolidate the V Congress of Olive Oil Mill Masters and Operators as a reference project for the wide range of professionals working in the olive oil sector. [&hellip;]","og_url":"https:\/\/aemoda.com\/en\/5th-national-congress-of-masters-and-operators-of-olive-mills\/","og_site_name":"AEMODA","article_publisher":"https:\/\/www.facebook.com\/profile.php?id=100055135007306","article_published_time":"2024-03-04T20:50:48+00:00","article_modified_time":"2024-03-11T14:01:07+00:00","og_image":[{"width":1248,"height":770,"url":"https:\/\/aemoda.com\/wp-content\/uploads\/2023\/04\/CONGRESO-AEMODA.jpg","type":"image\/jpeg"}],"author":"gestor","twitter_card":"summary_large_image","twitter_misc":{"Written by":"gestor","Est. reading time":"4 minutes"},"schema":{"@context":"https:\/\/schema.org","@graph":[{"@type":"Article","@id":"https:\/\/aemoda.com\/en\/5th-national-congress-of-masters-and-operators-of-olive-mills\/#article","isPartOf":{"@id":"https:\/\/aemoda.com\/en\/5th-national-congress-of-masters-and-operators-of-olive-mills\/"},"author":{"name":"gestor","@id":"https:\/\/aemoda.com\/en\/#\/schema\/person\/24b7d684912e523729541c94a08ae16e"},"headline":"5TH NATIONAL CONGRESS OF MASTERS AND OPERATORS OF OLIVE MILLS","datePublished":"2024-03-04T20:50:48+00:00","dateModified":"2024-03-11T14:01:07+00:00","mainEntityOfPage":{"@id":"https:\/\/aemoda.com\/en\/5th-national-congress-of-masters-and-operators-of-olive-mills\/"},"wordCount":868,"publisher":{"@id":"https:\/\/aemoda.com\/en\/#organization"},"image":{"@id":"https:\/\/aemoda.com\/en\/5th-national-congress-of-masters-and-operators-of-olive-mills\/#primaryimage"},"thumbnailUrl":"https:\/\/aemoda.com\/wp-content\/uploads\/2023\/04\/CONGRESO-AEMODA.jpg","inLanguage":"en-US"},{"@type":"WebPage","@id":"https:\/\/aemoda.com\/en\/5th-national-congress-of-masters-and-operators-of-olive-mills\/","url":"https:\/\/aemoda.com\/en\/5th-national-congress-of-masters-and-operators-of-olive-mills\/","name":"5TH NATIONAL CONGRESS OF MASTERS AND OPERATORS OF OLIVE MILLS - AEMODA","isPartOf":{"@id":"https:\/\/aemoda.com\/en\/#website"},"primaryImageOfPage":{"@id":"https:\/\/aemoda.com\/en\/5th-national-congress-of-masters-and-operators-of-olive-mills\/#primaryimage"},"image":{"@id":"https:\/\/aemoda.com\/en\/5th-national-congress-of-masters-and-operators-of-olive-mills\/#primaryimage"},"thumbnailUrl":"https:\/\/aemoda.com\/wp-content\/uploads\/2023\/04\/CONGRESO-AEMODA.jpg","datePublished":"2024-03-04T20:50:48+00:00","dateModified":"2024-03-11T14:01:07+00:00","breadcrumb":{"@id":"https:\/\/aemoda.com\/en\/5th-national-congress-of-masters-and-operators-of-olive-mills\/#breadcrumb"},"inLanguage":"en-US","potentialAction":[{"@type":"ReadAction","target":["https:\/\/aemoda.com\/en\/5th-national-congress-of-masters-and-operators-of-olive-mills\/"]}]},{"@type":"ImageObject","inLanguage":"en-US","@id":"https:\/\/aemoda.com\/en\/5th-national-congress-of-masters-and-operators-of-olive-mills\/#primaryimage","url":"https:\/\/aemoda.com\/wp-content\/uploads\/2023\/04\/CONGRESO-AEMODA.jpg","contentUrl":"https:\/\/aemoda.com\/wp-content\/uploads\/2023\/04\/CONGRESO-AEMODA.jpg","width":1248,"height":770},{"@type":"BreadcrumbList","@id":"https:\/\/aemoda.com\/en\/5th-national-congress-of-masters-and-operators-of-olive-mills\/#breadcrumb","itemListElement":[{"@type":"ListItem","position":1,"name":"Portada","item":"https:\/\/aemoda.com\/en\/home\/"},{"@type":"ListItem","position":2,"name":"5TH NATIONAL CONGRESS OF MASTERS AND OPERATORS OF OLIVE MILLS"}]},{"@type":"WebSite","@id":"https:\/\/aemoda.com\/en\/#website","url":"https:\/\/aemoda.com\/en\/","name":"AEMODA","description":"Asociaci\u00f3n Espa\u00f1ola de Maestros y Operarios de Almazara","publisher":{"@id":"https:\/\/aemoda.com\/en\/#organization"},"alternateName":"Asociaci\u00f3n Espa\u00f1ola de Maestros y Operarios de Almazara","potentialAction":[{"@type":"SearchAction","target":{"@type":"EntryPoint","urlTemplate":"https:\/\/aemoda.com\/en\/?s={search_term_string}"},"query-input":"required name=search_term_string"}],"inLanguage":"en-US"},{"@type":"Organization","@id":"https:\/\/aemoda.com\/en\/#organization","name":"AEMODA, Asociaci\u00f3n Espa\u00f1ola de Maestros y Operarios de Almazara","alternateName":"Asociaci\u00f3n Espa\u00f1ola de Maestros y Operarios de Almazara","url":"https:\/\/aemoda.com\/en\/","logo":{"@type":"ImageObject","inLanguage":"en-US","@id":"https:\/\/aemoda.com\/en\/#\/schema\/logo\/image\/","url":"https:\/\/aemoda.com\/wp-content\/uploads\/2023\/04\/logo_3-removebg-preview.png","contentUrl":"https:\/\/aemoda.com\/wp-content\/uploads\/2023\/04\/logo_3-removebg-preview.png","width":816,"height":306,"caption":"AEMODA, Asociaci\u00f3n Espa\u00f1ola de Maestros y Operarios de Almazara"},"image":{"@id":"https:\/\/aemoda.com\/en\/#\/schema\/logo\/image\/"},"sameAs":["https:\/\/www.facebook.com\/profile.php?id=100055135007306"]},{"@type":"Person","@id":"https:\/\/aemoda.com\/en\/#\/schema\/person\/24b7d684912e523729541c94a08ae16e","name":"gestor","image":{"@type":"ImageObject","inLanguage":"en-US","@id":"https:\/\/aemoda.com\/en\/#\/schema\/person\/image\/","url":"https:\/\/secure.gravatar.com\/avatar\/aa1309c942c4e5f1bd49e72ada90cf604957fe4abac30a61235a580a9e4884f9?s=96&d=mm&r=g","contentUrl":"https:\/\/secure.gravatar.com\/avatar\/aa1309c942c4e5f1bd49e72ada90cf604957fe4abac30a61235a580a9e4884f9?s=96&d=mm&r=g","caption":"gestor"},"sameAs":["https:\/\/aemoda.com\/nueva"],"url":"https:\/\/aemoda.com\/en\/author\/gestor\/"}]}},"_links":{"self":[{"href":"https:\/\/aemoda.com\/en\/wp-json\/wp\/v2\/posts\/3225","targetHints":{"allow":["GET"]}}],"collection":[{"href":"https:\/\/aemoda.com\/en\/wp-json\/wp\/v2\/posts"}],"about":[{"href":"https:\/\/aemoda.com\/en\/wp-json\/wp\/v2\/types\/post"}],"author":[{"embeddable":true,"href":"https:\/\/aemoda.com\/en\/wp-json\/wp\/v2\/users\/1"}],"replies":[{"embeddable":true,"href":"https:\/\/aemoda.com\/en\/wp-json\/wp\/v2\/comments?post=3225"}],"version-history":[{"count":16,"href":"https:\/\/aemoda.com\/en\/wp-json\/wp\/v2\/posts\/3225\/revisions"}],"predecessor-version":[{"id":3253,"href":"https:\/\/aemoda.com\/en\/wp-json\/wp\/v2\/posts\/3225\/revisions\/3253"}],"wp:featuredmedia":[{"embeddable":true,"href":"https:\/\/aemoda.com\/en\/wp-json\/wp\/v2\/media\/265"}],"wp:attachment":[{"href":"https:\/\/aemoda.com\/en\/wp-json\/wp\/v2\/media?parent=3225"}],"wp:term":[{"taxonomy":"category","embeddable":true,"href":"https:\/\/aemoda.com\/en\/wp-json\/wp\/v2\/categories?post=3225"},{"taxonomy":"post_tag","embeddable":true,"href":"https:\/\/aemoda.com\/en\/wp-json\/wp\/v2\/tags?post=3225"}],"curies":[{"name":"wp","href":"https:\/\/api.w.org\/{rel}","templated":true}]}}