{"id":3285,"date":"2023-12-19T14:45:02","date_gmt":"2023-12-19T14:45:02","guid":{"rendered":"https:\/\/aemoda.com\/jaen-en-positivo-award-for-aemoda\/"},"modified":"2023-12-19T14:45:02","modified_gmt":"2023-12-19T14:45:02","slug":"jaen-en-positivo-award-for-aemoda","status":"publish","type":"post","link":"https:\/\/aemoda.com\/en\/jaen-en-positivo-award-for-aemoda\/","title":{"rendered":"Ja\u00e9n en Positivo&#8221; Award for AEMODA"},"content":{"rendered":"<div dir=\"auto\">Today we received the great news of a new recognition for our association AEMODA, it is about the awards that Cope Ja\u00e9n grants, &#8220;Ja\u00e9n en Positivo&#8221; is a satisfaction for us that little by little the work that during these 10 years of existence our association has been doing in post of the professionalization of our sector is being recognized.<\/div>\n<div dir=\"auto\">&nbsp;<\/div>\n<div dir=\"auto\">Congratulations to all our members because without their support all these achievements would not have been possible and we cannot forget all the companies that support the work we do from AEMODA.<\/div>\n<div dir=\"auto\">&nbsp;<\/div>\n<div dir=\"auto\"><img loading=\"lazy\" decoding=\"async\" class=\"aligncenter size-large wp-image-3264\" src=\"https:\/\/aemoda.com\/wp-content\/uploads\/2024\/04\/JAEN-EN-POSITIVO-1024x683.jpg\" alt=\"\" width=\"1024\" height=\"683\" srcset=\"https:\/\/aemoda.com\/wp-content\/uploads\/2024\/04\/JAEN-EN-POSITIVO-980x653.jpg 980w, https:\/\/aemoda.com\/wp-content\/uploads\/2024\/04\/JAEN-EN-POSITIVO-480x320.jpg 480w\" sizes=\"auto, (min-width: 0px) and (max-width: 480px) 480px, (min-width: 481px) and (max-width: 980px) 980px, (min-width: 981px) 1024px, 100vw\" \/><\/div>\n","protected":false},"excerpt":{"rendered":"<p>Today we received the great news of a new recognition for our association AEMODA, it is about the awards that Cope Ja\u00e9n grants, &#8220;Ja\u00e9n en Positivo&#8221; is a satisfaction for us that little by little the work that during these 10 years of existence our association has been doing in post of the professionalization of [&hellip;]<\/p>\n","protected":false},"author":1,"featured_media":3263,"comment_status":"closed","ping_status":"closed","sticky":false,"template":"","format":"standard","meta":{"_et_pb_use_builder":"","_et_pb_old_content":"","_et_gb_content_width":"","ngg_post_thumbnail":0,"footnotes":""},"categories":[],"tags":[],"class_list":["post-3285","post","type-post","status-publish","format-standard","has-post-thumbnail","hentry"],"yoast_head":"<!-- This site is optimized with the Yoast SEO plugin v23.1 - https:\/\/yoast.com\/wordpress\/plugins\/seo\/ -->\n<title>Ja\u00e9n en Positivo&quot; Award for AEMODA - AEMODA<\/title>\n<meta name=\"robots\" content=\"index, follow, max-snippet:-1, max-image-preview:large, max-video-preview:-1\" \/>\n<link rel=\"canonical\" href=\"https:\/\/aemoda.com\/en\/jaen-en-positivo-award-for-aemoda\/\" \/>\n<meta property=\"og:locale\" content=\"en_US\" \/>\n<meta property=\"og:type\" content=\"article\" \/>\n<meta property=\"og:title\" content=\"Ja\u00e9n en Positivo&quot; Award for AEMODA - AEMODA\" \/>\n<meta property=\"og:description\" content=\"Today we received the great news of a new recognition for our association AEMODA, it is about the awards that Cope Ja\u00e9n grants, &#8220;Ja\u00e9n en Positivo&#8221; is a satisfaction for us that little by little the work that during these 10 years of existence our association has been doing in post of the professionalization of [&hellip;]\" \/>\n<meta property=\"og:url\" content=\"https:\/\/aemoda.com\/en\/jaen-en-positivo-award-for-aemoda\/\" \/>\n<meta property=\"og:site_name\" content=\"AEMODA\" \/>\n<meta property=\"article:publisher\" content=\"https:\/\/www.facebook.com\/profile.php?id=100055135007306\" \/>\n<meta property=\"article:published_time\" content=\"2023-12-19T14:45:02+00:00\" \/>\n<meta property=\"og:image\" content=\"https:\/\/aemoda.com\/wp-content\/uploads\/2024\/04\/JAEN-EN-POSITVIO-2.jpg\" \/>\n\t<meta property=\"og:image:width\" content=\"976\" \/>\n\t<meta property=\"og:image:height\" content=\"550\" \/>\n\t<meta property=\"og:image:type\" content=\"image\/jpeg\" \/>\n<meta name=\"author\" content=\"gestor\" \/>\n<meta name=\"twitter:card\" content=\"summary_large_image\" \/>\n<meta name=\"twitter:label1\" content=\"Written by\" \/>\n\t<meta name=\"twitter:data1\" content=\"gestor\" \/>\n<script type=\"application\/ld+json\" class=\"yoast-schema-graph\">{\"@context\":\"https:\/\/schema.org\",\"@graph\":[{\"@type\":\"Article\",\"@id\":\"https:\/\/aemoda.com\/en\/jaen-en-positivo-award-for-aemoda\/#article\",\"isPartOf\":{\"@id\":\"https:\/\/aemoda.com\/en\/jaen-en-positivo-award-for-aemoda\/\"},\"author\":{\"name\":\"gestor\",\"@id\":\"https:\/\/aemoda.com\/en\/#\/schema\/person\/24b7d684912e523729541c94a08ae16e\"},\"headline\":\"Ja\u00e9n en Positivo&#8221; Award for AEMODA\",\"datePublished\":\"2023-12-19T14:45:02+00:00\",\"dateModified\":\"2023-12-19T14:45:02+00:00\",\"mainEntityOfPage\":{\"@id\":\"https:\/\/aemoda.com\/en\/jaen-en-positivo-award-for-aemoda\/\"},\"wordCount\":102,\"publisher\":{\"@id\":\"https:\/\/aemoda.com\/en\/#organization\"},\"image\":{\"@id\":\"https:\/\/aemoda.com\/en\/jaen-en-positivo-award-for-aemoda\/#primaryimage\"},\"thumbnailUrl\":\"https:\/\/aemoda.com\/wp-content\/uploads\/2024\/04\/JAEN-EN-POSITVIO-2.jpg\",\"inLanguage\":\"en-US\"},{\"@type\":\"WebPage\",\"@id\":\"https:\/\/aemoda.com\/en\/jaen-en-positivo-award-for-aemoda\/\",\"url\":\"https:\/\/aemoda.com\/en\/jaen-en-positivo-award-for-aemoda\/\",\"name\":\"Ja\u00e9n en Positivo\\\" Award for AEMODA - AEMODA\",\"isPartOf\":{\"@id\":\"https:\/\/aemoda.com\/en\/#website\"},\"primaryImageOfPage\":{\"@id\":\"https:\/\/aemoda.com\/en\/jaen-en-positivo-award-for-aemoda\/#primaryimage\"},\"image\":{\"@id\":\"https:\/\/aemoda.com\/en\/jaen-en-positivo-award-for-aemoda\/#primaryimage\"},\"thumbnailUrl\":\"https:\/\/aemoda.com\/wp-content\/uploads\/2024\/04\/JAEN-EN-POSITVIO-2.jpg\",\"datePublished\":\"2023-12-19T14:45:02+00:00\",\"dateModified\":\"2023-12-19T14:45:02+00:00\",\"breadcrumb\":{\"@id\":\"https:\/\/aemoda.com\/en\/jaen-en-positivo-award-for-aemoda\/#breadcrumb\"},\"inLanguage\":\"en-US\",\"potentialAction\":[{\"@type\":\"ReadAction\",\"target\":[\"https:\/\/aemoda.com\/en\/jaen-en-positivo-award-for-aemoda\/\"]}]},{\"@type\":\"ImageObject\",\"inLanguage\":\"en-US\",\"@id\":\"https:\/\/aemoda.com\/en\/jaen-en-positivo-award-for-aemoda\/#primaryimage\",\"url\":\"https:\/\/aemoda.com\/wp-content\/uploads\/2024\/04\/JAEN-EN-POSITVIO-2.jpg\",\"contentUrl\":\"https:\/\/aemoda.com\/wp-content\/uploads\/2024\/04\/JAEN-EN-POSITVIO-2.jpg\",\"width\":976,\"height\":550},{\"@type\":\"BreadcrumbList\",\"@id\":\"https:\/\/aemoda.com\/en\/jaen-en-positivo-award-for-aemoda\/#breadcrumb\",\"itemListElement\":[{\"@type\":\"ListItem\",\"position\":1,\"name\":\"Portada\",\"item\":\"https:\/\/aemoda.com\/en\/home\/\"},{\"@type\":\"ListItem\",\"position\":2,\"name\":\"Ja\u00e9n en Positivo&#8221; Award for AEMODA\"}]},{\"@type\":\"WebSite\",\"@id\":\"https:\/\/aemoda.com\/en\/#website\",\"url\":\"https:\/\/aemoda.com\/en\/\",\"name\":\"AEMODA\",\"description\":\"Asociaci\u00f3n Espa\u00f1ola de Maestros y Operarios de Almazara\",\"publisher\":{\"@id\":\"https:\/\/aemoda.com\/en\/#organization\"},\"alternateName\":\"Asociaci\u00f3n Espa\u00f1ola de Maestros y Operarios de Almazara\",\"potentialAction\":[{\"@type\":\"SearchAction\",\"target\":{\"@type\":\"EntryPoint\",\"urlTemplate\":\"https:\/\/aemoda.com\/en\/?s={search_term_string}\"},\"query-input\":\"required name=search_term_string\"}],\"inLanguage\":\"en-US\"},{\"@type\":\"Organization\",\"@id\":\"https:\/\/aemoda.com\/en\/#organization\",\"name\":\"AEMODA, Asociaci\u00f3n Espa\u00f1ola de Maestros y Operarios de Almazara\",\"alternateName\":\"Asociaci\u00f3n Espa\u00f1ola de Maestros y Operarios de Almazara\",\"url\":\"https:\/\/aemoda.com\/en\/\",\"logo\":{\"@type\":\"ImageObject\",\"inLanguage\":\"en-US\",\"@id\":\"https:\/\/aemoda.com\/en\/#\/schema\/logo\/image\/\",\"url\":\"https:\/\/aemoda.com\/wp-content\/uploads\/2023\/04\/logo_3-removebg-preview.png\",\"contentUrl\":\"https:\/\/aemoda.com\/wp-content\/uploads\/2023\/04\/logo_3-removebg-preview.png\",\"width\":816,\"height\":306,\"caption\":\"AEMODA, Asociaci\u00f3n Espa\u00f1ola de Maestros y Operarios de Almazara\"},\"image\":{\"@id\":\"https:\/\/aemoda.com\/en\/#\/schema\/logo\/image\/\"},\"sameAs\":[\"https:\/\/www.facebook.com\/profile.php?id=100055135007306\"]},{\"@type\":\"Person\",\"@id\":\"https:\/\/aemoda.com\/en\/#\/schema\/person\/24b7d684912e523729541c94a08ae16e\",\"name\":\"gestor\",\"image\":{\"@type\":\"ImageObject\",\"inLanguage\":\"en-US\",\"@id\":\"https:\/\/aemoda.com\/en\/#\/schema\/person\/image\/\",\"url\":\"https:\/\/secure.gravatar.com\/avatar\/aa1309c942c4e5f1bd49e72ada90cf604957fe4abac30a61235a580a9e4884f9?s=96&d=mm&r=g\",\"contentUrl\":\"https:\/\/secure.gravatar.com\/avatar\/aa1309c942c4e5f1bd49e72ada90cf604957fe4abac30a61235a580a9e4884f9?s=96&d=mm&r=g\",\"caption\":\"gestor\"},\"sameAs\":[\"https:\/\/aemoda.com\/nueva\"],\"url\":\"https:\/\/aemoda.com\/en\/author\/gestor\/\"}]}<\/script>\n<!-- \/ Yoast SEO plugin. -->","yoast_head_json":{"title":"Ja\u00e9n en Positivo\" Award for AEMODA - AEMODA","robots":{"index":"index","follow":"follow","max-snippet":"max-snippet:-1","max-image-preview":"max-image-preview:large","max-video-preview":"max-video-preview:-1"},"canonical":"https:\/\/aemoda.com\/en\/jaen-en-positivo-award-for-aemoda\/","og_locale":"en_US","og_type":"article","og_title":"Ja\u00e9n en Positivo\" Award for AEMODA - AEMODA","og_description":"Today we received the great news of a new recognition for our association AEMODA, it is about the awards that Cope Ja\u00e9n grants, &#8220;Ja\u00e9n en Positivo&#8221; is a satisfaction for us that little by little the work that during these 10 years of existence our association has been doing in post of the professionalization of [&hellip;]","og_url":"https:\/\/aemoda.com\/en\/jaen-en-positivo-award-for-aemoda\/","og_site_name":"AEMODA","article_publisher":"https:\/\/www.facebook.com\/profile.php?id=100055135007306","article_published_time":"2023-12-19T14:45:02+00:00","og_image":[{"width":976,"height":550,"url":"https:\/\/aemoda.com\/wp-content\/uploads\/2024\/04\/JAEN-EN-POSITVIO-2.jpg","type":"image\/jpeg"}],"author":"gestor","twitter_card":"summary_large_image","twitter_misc":{"Written by":"gestor"},"schema":{"@context":"https:\/\/schema.org","@graph":[{"@type":"Article","@id":"https:\/\/aemoda.com\/en\/jaen-en-positivo-award-for-aemoda\/#article","isPartOf":{"@id":"https:\/\/aemoda.com\/en\/jaen-en-positivo-award-for-aemoda\/"},"author":{"name":"gestor","@id":"https:\/\/aemoda.com\/en\/#\/schema\/person\/24b7d684912e523729541c94a08ae16e"},"headline":"Ja\u00e9n en Positivo&#8221; Award for AEMODA","datePublished":"2023-12-19T14:45:02+00:00","dateModified":"2023-12-19T14:45:02+00:00","mainEntityOfPage":{"@id":"https:\/\/aemoda.com\/en\/jaen-en-positivo-award-for-aemoda\/"},"wordCount":102,"publisher":{"@id":"https:\/\/aemoda.com\/en\/#organization"},"image":{"@id":"https:\/\/aemoda.com\/en\/jaen-en-positivo-award-for-aemoda\/#primaryimage"},"thumbnailUrl":"https:\/\/aemoda.com\/wp-content\/uploads\/2024\/04\/JAEN-EN-POSITVIO-2.jpg","inLanguage":"en-US"},{"@type":"WebPage","@id":"https:\/\/aemoda.com\/en\/jaen-en-positivo-award-for-aemoda\/","url":"https:\/\/aemoda.com\/en\/jaen-en-positivo-award-for-aemoda\/","name":"Ja\u00e9n en Positivo\" Award for AEMODA - AEMODA","isPartOf":{"@id":"https:\/\/aemoda.com\/en\/#website"},"primaryImageOfPage":{"@id":"https:\/\/aemoda.com\/en\/jaen-en-positivo-award-for-aemoda\/#primaryimage"},"image":{"@id":"https:\/\/aemoda.com\/en\/jaen-en-positivo-award-for-aemoda\/#primaryimage"},"thumbnailUrl":"https:\/\/aemoda.com\/wp-content\/uploads\/2024\/04\/JAEN-EN-POSITVIO-2.jpg","datePublished":"2023-12-19T14:45:02+00:00","dateModified":"2023-12-19T14:45:02+00:00","breadcrumb":{"@id":"https:\/\/aemoda.com\/en\/jaen-en-positivo-award-for-aemoda\/#breadcrumb"},"inLanguage":"en-US","potentialAction":[{"@type":"ReadAction","target":["https:\/\/aemoda.com\/en\/jaen-en-positivo-award-for-aemoda\/"]}]},{"@type":"ImageObject","inLanguage":"en-US","@id":"https:\/\/aemoda.com\/en\/jaen-en-positivo-award-for-aemoda\/#primaryimage","url":"https:\/\/aemoda.com\/wp-content\/uploads\/2024\/04\/JAEN-EN-POSITVIO-2.jpg","contentUrl":"https:\/\/aemoda.com\/wp-content\/uploads\/2024\/04\/JAEN-EN-POSITVIO-2.jpg","width":976,"height":550},{"@type":"BreadcrumbList","@id":"https:\/\/aemoda.com\/en\/jaen-en-positivo-award-for-aemoda\/#breadcrumb","itemListElement":[{"@type":"ListItem","position":1,"name":"Portada","item":"https:\/\/aemoda.com\/en\/home\/"},{"@type":"ListItem","position":2,"name":"Ja\u00e9n en Positivo&#8221; Award for AEMODA"}]},{"@type":"WebSite","@id":"https:\/\/aemoda.com\/en\/#website","url":"https:\/\/aemoda.com\/en\/","name":"AEMODA","description":"Asociaci\u00f3n Espa\u00f1ola de Maestros y Operarios de Almazara","publisher":{"@id":"https:\/\/aemoda.com\/en\/#organization"},"alternateName":"Asociaci\u00f3n Espa\u00f1ola de Maestros y Operarios de Almazara","potentialAction":[{"@type":"SearchAction","target":{"@type":"EntryPoint","urlTemplate":"https:\/\/aemoda.com\/en\/?s={search_term_string}"},"query-input":"required name=search_term_string"}],"inLanguage":"en-US"},{"@type":"Organization","@id":"https:\/\/aemoda.com\/en\/#organization","name":"AEMODA, Asociaci\u00f3n Espa\u00f1ola de Maestros y Operarios de Almazara","alternateName":"Asociaci\u00f3n Espa\u00f1ola de Maestros y Operarios de Almazara","url":"https:\/\/aemoda.com\/en\/","logo":{"@type":"ImageObject","inLanguage":"en-US","@id":"https:\/\/aemoda.com\/en\/#\/schema\/logo\/image\/","url":"https:\/\/aemoda.com\/wp-content\/uploads\/2023\/04\/logo_3-removebg-preview.png","contentUrl":"https:\/\/aemoda.com\/wp-content\/uploads\/2023\/04\/logo_3-removebg-preview.png","width":816,"height":306,"caption":"AEMODA, Asociaci\u00f3n Espa\u00f1ola de Maestros y Operarios de Almazara"},"image":{"@id":"https:\/\/aemoda.com\/en\/#\/schema\/logo\/image\/"},"sameAs":["https:\/\/www.facebook.com\/profile.php?id=100055135007306"]},{"@type":"Person","@id":"https:\/\/aemoda.com\/en\/#\/schema\/person\/24b7d684912e523729541c94a08ae16e","name":"gestor","image":{"@type":"ImageObject","inLanguage":"en-US","@id":"https:\/\/aemoda.com\/en\/#\/schema\/person\/image\/","url":"https:\/\/secure.gravatar.com\/avatar\/aa1309c942c4e5f1bd49e72ada90cf604957fe4abac30a61235a580a9e4884f9?s=96&d=mm&r=g","contentUrl":"https:\/\/secure.gravatar.com\/avatar\/aa1309c942c4e5f1bd49e72ada90cf604957fe4abac30a61235a580a9e4884f9?s=96&d=mm&r=g","caption":"gestor"},"sameAs":["https:\/\/aemoda.com\/nueva"],"url":"https:\/\/aemoda.com\/en\/author\/gestor\/"}]}},"_links":{"self":[{"href":"https:\/\/aemoda.com\/en\/wp-json\/wp\/v2\/posts\/3285","targetHints":{"allow":["GET"]}}],"collection":[{"href":"https:\/\/aemoda.com\/en\/wp-json\/wp\/v2\/posts"}],"about":[{"href":"https:\/\/aemoda.com\/en\/wp-json\/wp\/v2\/types\/post"}],"author":[{"embeddable":true,"href":"https:\/\/aemoda.com\/en\/wp-json\/wp\/v2\/users\/1"}],"replies":[{"embeddable":true,"href":"https:\/\/aemoda.com\/en\/wp-json\/wp\/v2\/comments?post=3285"}],"version-history":[{"count":0,"href":"https:\/\/aemoda.com\/en\/wp-json\/wp\/v2\/posts\/3285\/revisions"}],"wp:featuredmedia":[{"embeddable":true,"href":"https:\/\/aemoda.com\/en\/wp-json\/wp\/v2\/media\/3263"}],"wp:attachment":[{"href":"https:\/\/aemoda.com\/en\/wp-json\/wp\/v2\/media?parent=3285"}],"wp:term":[{"taxonomy":"category","embeddable":true,"href":"https:\/\/aemoda.com\/en\/wp-json\/wp\/v2\/categories?post=3285"},{"taxonomy":"post_tag","embeddable":true,"href":"https:\/\/aemoda.com\/en\/wp-json\/wp\/v2\/tags?post=3285"}],"curies":[{"name":"wp","href":"https:\/\/api.w.org\/{rel}","templated":true}]}}