{"id":3301,"date":"2024-04-20T16:56:15","date_gmt":"2024-04-20T16:56:15","guid":{"rendered":"https:\/\/aemoda.com\/xv-virgin-olive-oil-day-at-ctaex\/"},"modified":"2024-04-20T16:56:15","modified_gmt":"2024-04-20T16:56:15","slug":"xv-virgin-olive-oil-day-at-ctaex","status":"publish","type":"post","link":"https:\/\/aemoda.com\/en\/xv-virgin-olive-oil-day-at-ctaex\/","title":{"rendered":"XV VIRGIN OLIVE OIL DAY AT CTAEX"},"content":{"rendered":"<p>XV JORNADA DE ACEITES DE OLIVA V\u00cdRGENES&nbsp; to be held at CTAEX and entitled &#8220;COMPETITIVENESS IN THE POMACE: QUALITY AND COSTS&#8221;.<\/p>\n<p><img loading=\"lazy\" decoding=\"async\" class=\"aligncenter size-large wp-image-3295\" src=\"https:\/\/aemoda.com\/wp-content\/uploads\/2024\/04\/CTAEX-2-988x1024.png\" alt=\"\" width=\"988\" height=\"1024\" srcset=\"https:\/\/aemoda.com\/wp-content\/uploads\/2024\/04\/CTAEX-2-980x1016.png 980w, https:\/\/aemoda.com\/wp-content\/uploads\/2024\/04\/CTAEX-2-480x498.png 480w\" sizes=\"auto, (min-width: 0px) and (max-width: 480px) 480px, (min-width: 481px) and (max-width: 980px) 980px, (min-width: 981px) 988px, 100vw\" \/><\/p>\n<h3 style=\"text-align: center;\"><a href=\"https:\/\/docs.google.com\/forms\/d\/e\/1FAIpQLScz8GieHOT712DdXWfZDiKwPSQEvEBFhLwG08s6zqRYjorGuw\/viewform\">REGISTRATION HERE<\/a><\/h3>\n","protected":false},"excerpt":{"rendered":"<p>XV JORNADA DE ACEITES DE OLIVA V\u00cdRGENES&nbsp; to be held at CTAEX and entitled &#8220;COMPETITIVENESS IN THE POMACE: QUALITY AND COSTS&#8221;. REGISTRATION HERE<\/p>\n","protected":false},"author":1,"featured_media":3294,"comment_status":"closed","ping_status":"closed","sticky":false,"template":"","format":"standard","meta":{"_et_pb_use_builder":"","_et_pb_old_content":"","_et_gb_content_width":"","ngg_post_thumbnail":0,"footnotes":""},"categories":[],"tags":[],"class_list":["post-3301","post","type-post","status-publish","format-standard","has-post-thumbnail","hentry"],"yoast_head":"<!-- This site is optimized with the Yoast SEO plugin v23.1 - https:\/\/yoast.com\/wordpress\/plugins\/seo\/ -->\n<title>XV VIRGIN OLIVE OIL DAY AT CTAEX - AEMODA<\/title>\n<meta name=\"robots\" content=\"index, follow, max-snippet:-1, max-image-preview:large, max-video-preview:-1\" \/>\n<link rel=\"canonical\" href=\"https:\/\/aemoda.com\/en\/xv-virgin-olive-oil-day-at-ctaex\/\" \/>\n<meta property=\"og:locale\" content=\"en_US\" \/>\n<meta property=\"og:type\" content=\"article\" \/>\n<meta property=\"og:title\" content=\"XV VIRGIN OLIVE OIL DAY AT CTAEX - AEMODA\" \/>\n<meta property=\"og:description\" content=\"XV JORNADA DE ACEITES DE OLIVA V\u00cdRGENES&nbsp; to be held at CTAEX and entitled &#8220;COMPETITIVENESS IN THE POMACE: QUALITY AND COSTS&#8221;. REGISTRATION HERE\" \/>\n<meta property=\"og:url\" content=\"https:\/\/aemoda.com\/en\/xv-virgin-olive-oil-day-at-ctaex\/\" \/>\n<meta property=\"og:site_name\" content=\"AEMODA\" \/>\n<meta property=\"article:publisher\" content=\"https:\/\/www.facebook.com\/profile.php?id=100055135007306\" \/>\n<meta property=\"article:published_time\" content=\"2024-04-20T16:56:15+00:00\" \/>\n<meta property=\"og:image\" content=\"https:\/\/aemoda.com\/wp-content\/uploads\/2024\/04\/CTAEX-2-988x1024.png\" \/>\n<meta name=\"author\" content=\"gestor\" \/>\n<meta name=\"twitter:card\" content=\"summary_large_image\" \/>\n<meta name=\"twitter:label1\" content=\"Written by\" \/>\n\t<meta name=\"twitter:data1\" content=\"gestor\" \/>\n<script type=\"application\/ld+json\" class=\"yoast-schema-graph\">{\"@context\":\"https:\/\/schema.org\",\"@graph\":[{\"@type\":\"Article\",\"@id\":\"https:\/\/aemoda.com\/en\/xv-virgin-olive-oil-day-at-ctaex\/#article\",\"isPartOf\":{\"@id\":\"https:\/\/aemoda.com\/en\/xv-virgin-olive-oil-day-at-ctaex\/\"},\"author\":{\"name\":\"gestor\",\"@id\":\"https:\/\/aemoda.com\/en\/#\/schema\/person\/24b7d684912e523729541c94a08ae16e\"},\"headline\":\"XV VIRGIN OLIVE OIL DAY AT CTAEX\",\"datePublished\":\"2024-04-20T16:56:15+00:00\",\"dateModified\":\"2024-04-20T16:56:15+00:00\",\"mainEntityOfPage\":{\"@id\":\"https:\/\/aemoda.com\/en\/xv-virgin-olive-oil-day-at-ctaex\/\"},\"wordCount\":32,\"publisher\":{\"@id\":\"https:\/\/aemoda.com\/en\/#organization\"},\"image\":{\"@id\":\"https:\/\/aemoda.com\/en\/xv-virgin-olive-oil-day-at-ctaex\/#primaryimage\"},\"thumbnailUrl\":\"https:\/\/aemoda.com\/wp-content\/uploads\/2024\/04\/ctaex.png\",\"inLanguage\":\"en-US\"},{\"@type\":\"WebPage\",\"@id\":\"https:\/\/aemoda.com\/en\/xv-virgin-olive-oil-day-at-ctaex\/\",\"url\":\"https:\/\/aemoda.com\/en\/xv-virgin-olive-oil-day-at-ctaex\/\",\"name\":\"XV VIRGIN OLIVE OIL DAY AT CTAEX - AEMODA\",\"isPartOf\":{\"@id\":\"https:\/\/aemoda.com\/en\/#website\"},\"primaryImageOfPage\":{\"@id\":\"https:\/\/aemoda.com\/en\/xv-virgin-olive-oil-day-at-ctaex\/#primaryimage\"},\"image\":{\"@id\":\"https:\/\/aemoda.com\/en\/xv-virgin-olive-oil-day-at-ctaex\/#primaryimage\"},\"thumbnailUrl\":\"https:\/\/aemoda.com\/wp-content\/uploads\/2024\/04\/ctaex.png\",\"datePublished\":\"2024-04-20T16:56:15+00:00\",\"dateModified\":\"2024-04-20T16:56:15+00:00\",\"breadcrumb\":{\"@id\":\"https:\/\/aemoda.com\/en\/xv-virgin-olive-oil-day-at-ctaex\/#breadcrumb\"},\"inLanguage\":\"en-US\",\"potentialAction\":[{\"@type\":\"ReadAction\",\"target\":[\"https:\/\/aemoda.com\/en\/xv-virgin-olive-oil-day-at-ctaex\/\"]}]},{\"@type\":\"ImageObject\",\"inLanguage\":\"en-US\",\"@id\":\"https:\/\/aemoda.com\/en\/xv-virgin-olive-oil-day-at-ctaex\/#primaryimage\",\"url\":\"https:\/\/aemoda.com\/wp-content\/uploads\/2024\/04\/ctaex.png\",\"contentUrl\":\"https:\/\/aemoda.com\/wp-content\/uploads\/2024\/04\/ctaex.png\",\"width\":1024,\"height\":502},{\"@type\":\"BreadcrumbList\",\"@id\":\"https:\/\/aemoda.com\/en\/xv-virgin-olive-oil-day-at-ctaex\/#breadcrumb\",\"itemListElement\":[{\"@type\":\"ListItem\",\"position\":1,\"name\":\"Portada\",\"item\":\"https:\/\/aemoda.com\/en\/home\/\"},{\"@type\":\"ListItem\",\"position\":2,\"name\":\"XV VIRGIN OLIVE OIL DAY AT CTAEX\"}]},{\"@type\":\"WebSite\",\"@id\":\"https:\/\/aemoda.com\/en\/#website\",\"url\":\"https:\/\/aemoda.com\/en\/\",\"name\":\"AEMODA\",\"description\":\"Asociaci\u00f3n Espa\u00f1ola de Maestros y Operarios de Almazara\",\"publisher\":{\"@id\":\"https:\/\/aemoda.com\/en\/#organization\"},\"alternateName\":\"Asociaci\u00f3n Espa\u00f1ola de Maestros y Operarios de Almazara\",\"potentialAction\":[{\"@type\":\"SearchAction\",\"target\":{\"@type\":\"EntryPoint\",\"urlTemplate\":\"https:\/\/aemoda.com\/en\/?s={search_term_string}\"},\"query-input\":\"required name=search_term_string\"}],\"inLanguage\":\"en-US\"},{\"@type\":\"Organization\",\"@id\":\"https:\/\/aemoda.com\/en\/#organization\",\"name\":\"AEMODA, Asociaci\u00f3n Espa\u00f1ola de Maestros y Operarios de Almazara\",\"alternateName\":\"Asociaci\u00f3n Espa\u00f1ola de Maestros y Operarios de Almazara\",\"url\":\"https:\/\/aemoda.com\/en\/\",\"logo\":{\"@type\":\"ImageObject\",\"inLanguage\":\"en-US\",\"@id\":\"https:\/\/aemoda.com\/en\/#\/schema\/logo\/image\/\",\"url\":\"https:\/\/aemoda.com\/wp-content\/uploads\/2023\/04\/logo_3-removebg-preview.png\",\"contentUrl\":\"https:\/\/aemoda.com\/wp-content\/uploads\/2023\/04\/logo_3-removebg-preview.png\",\"width\":816,\"height\":306,\"caption\":\"AEMODA, Asociaci\u00f3n Espa\u00f1ola de Maestros y Operarios de Almazara\"},\"image\":{\"@id\":\"https:\/\/aemoda.com\/en\/#\/schema\/logo\/image\/\"},\"sameAs\":[\"https:\/\/www.facebook.com\/profile.php?id=100055135007306\"]},{\"@type\":\"Person\",\"@id\":\"https:\/\/aemoda.com\/en\/#\/schema\/person\/24b7d684912e523729541c94a08ae16e\",\"name\":\"gestor\",\"image\":{\"@type\":\"ImageObject\",\"inLanguage\":\"en-US\",\"@id\":\"https:\/\/aemoda.com\/en\/#\/schema\/person\/image\/\",\"url\":\"https:\/\/secure.gravatar.com\/avatar\/aa1309c942c4e5f1bd49e72ada90cf604957fe4abac30a61235a580a9e4884f9?s=96&d=mm&r=g\",\"contentUrl\":\"https:\/\/secure.gravatar.com\/avatar\/aa1309c942c4e5f1bd49e72ada90cf604957fe4abac30a61235a580a9e4884f9?s=96&d=mm&r=g\",\"caption\":\"gestor\"},\"sameAs\":[\"https:\/\/aemoda.com\/nueva\"],\"url\":\"https:\/\/aemoda.com\/en\/author\/gestor\/\"}]}<\/script>\n<!-- \/ Yoast SEO plugin. -->","yoast_head_json":{"title":"XV VIRGIN OLIVE OIL DAY AT CTAEX - AEMODA","robots":{"index":"index","follow":"follow","max-snippet":"max-snippet:-1","max-image-preview":"max-image-preview:large","max-video-preview":"max-video-preview:-1"},"canonical":"https:\/\/aemoda.com\/en\/xv-virgin-olive-oil-day-at-ctaex\/","og_locale":"en_US","og_type":"article","og_title":"XV VIRGIN OLIVE OIL DAY AT CTAEX - AEMODA","og_description":"XV JORNADA DE ACEITES DE OLIVA V\u00cdRGENES&nbsp; to be held at CTAEX and entitled &#8220;COMPETITIVENESS IN THE POMACE: QUALITY AND COSTS&#8221;. REGISTRATION HERE","og_url":"https:\/\/aemoda.com\/en\/xv-virgin-olive-oil-day-at-ctaex\/","og_site_name":"AEMODA","article_publisher":"https:\/\/www.facebook.com\/profile.php?id=100055135007306","article_published_time":"2024-04-20T16:56:15+00:00","og_image":[{"url":"https:\/\/aemoda.com\/wp-content\/uploads\/2024\/04\/CTAEX-2-988x1024.png"}],"author":"gestor","twitter_card":"summary_large_image","twitter_misc":{"Written by":"gestor"},"schema":{"@context":"https:\/\/schema.org","@graph":[{"@type":"Article","@id":"https:\/\/aemoda.com\/en\/xv-virgin-olive-oil-day-at-ctaex\/#article","isPartOf":{"@id":"https:\/\/aemoda.com\/en\/xv-virgin-olive-oil-day-at-ctaex\/"},"author":{"name":"gestor","@id":"https:\/\/aemoda.com\/en\/#\/schema\/person\/24b7d684912e523729541c94a08ae16e"},"headline":"XV VIRGIN OLIVE OIL DAY AT CTAEX","datePublished":"2024-04-20T16:56:15+00:00","dateModified":"2024-04-20T16:56:15+00:00","mainEntityOfPage":{"@id":"https:\/\/aemoda.com\/en\/xv-virgin-olive-oil-day-at-ctaex\/"},"wordCount":32,"publisher":{"@id":"https:\/\/aemoda.com\/en\/#organization"},"image":{"@id":"https:\/\/aemoda.com\/en\/xv-virgin-olive-oil-day-at-ctaex\/#primaryimage"},"thumbnailUrl":"https:\/\/aemoda.com\/wp-content\/uploads\/2024\/04\/ctaex.png","inLanguage":"en-US"},{"@type":"WebPage","@id":"https:\/\/aemoda.com\/en\/xv-virgin-olive-oil-day-at-ctaex\/","url":"https:\/\/aemoda.com\/en\/xv-virgin-olive-oil-day-at-ctaex\/","name":"XV VIRGIN OLIVE OIL DAY AT CTAEX - AEMODA","isPartOf":{"@id":"https:\/\/aemoda.com\/en\/#website"},"primaryImageOfPage":{"@id":"https:\/\/aemoda.com\/en\/xv-virgin-olive-oil-day-at-ctaex\/#primaryimage"},"image":{"@id":"https:\/\/aemoda.com\/en\/xv-virgin-olive-oil-day-at-ctaex\/#primaryimage"},"thumbnailUrl":"https:\/\/aemoda.com\/wp-content\/uploads\/2024\/04\/ctaex.png","datePublished":"2024-04-20T16:56:15+00:00","dateModified":"2024-04-20T16:56:15+00:00","breadcrumb":{"@id":"https:\/\/aemoda.com\/en\/xv-virgin-olive-oil-day-at-ctaex\/#breadcrumb"},"inLanguage":"en-US","potentialAction":[{"@type":"ReadAction","target":["https:\/\/aemoda.com\/en\/xv-virgin-olive-oil-day-at-ctaex\/"]}]},{"@type":"ImageObject","inLanguage":"en-US","@id":"https:\/\/aemoda.com\/en\/xv-virgin-olive-oil-day-at-ctaex\/#primaryimage","url":"https:\/\/aemoda.com\/wp-content\/uploads\/2024\/04\/ctaex.png","contentUrl":"https:\/\/aemoda.com\/wp-content\/uploads\/2024\/04\/ctaex.png","width":1024,"height":502},{"@type":"BreadcrumbList","@id":"https:\/\/aemoda.com\/en\/xv-virgin-olive-oil-day-at-ctaex\/#breadcrumb","itemListElement":[{"@type":"ListItem","position":1,"name":"Portada","item":"https:\/\/aemoda.com\/en\/home\/"},{"@type":"ListItem","position":2,"name":"XV VIRGIN OLIVE OIL DAY AT CTAEX"}]},{"@type":"WebSite","@id":"https:\/\/aemoda.com\/en\/#website","url":"https:\/\/aemoda.com\/en\/","name":"AEMODA","description":"Asociaci\u00f3n Espa\u00f1ola de Maestros y Operarios de Almazara","publisher":{"@id":"https:\/\/aemoda.com\/en\/#organization"},"alternateName":"Asociaci\u00f3n Espa\u00f1ola de Maestros y Operarios de Almazara","potentialAction":[{"@type":"SearchAction","target":{"@type":"EntryPoint","urlTemplate":"https:\/\/aemoda.com\/en\/?s={search_term_string}"},"query-input":"required name=search_term_string"}],"inLanguage":"en-US"},{"@type":"Organization","@id":"https:\/\/aemoda.com\/en\/#organization","name":"AEMODA, Asociaci\u00f3n Espa\u00f1ola de Maestros y Operarios de Almazara","alternateName":"Asociaci\u00f3n Espa\u00f1ola de Maestros y Operarios de Almazara","url":"https:\/\/aemoda.com\/en\/","logo":{"@type":"ImageObject","inLanguage":"en-US","@id":"https:\/\/aemoda.com\/en\/#\/schema\/logo\/image\/","url":"https:\/\/aemoda.com\/wp-content\/uploads\/2023\/04\/logo_3-removebg-preview.png","contentUrl":"https:\/\/aemoda.com\/wp-content\/uploads\/2023\/04\/logo_3-removebg-preview.png","width":816,"height":306,"caption":"AEMODA, Asociaci\u00f3n Espa\u00f1ola de Maestros y Operarios de Almazara"},"image":{"@id":"https:\/\/aemoda.com\/en\/#\/schema\/logo\/image\/"},"sameAs":["https:\/\/www.facebook.com\/profile.php?id=100055135007306"]},{"@type":"Person","@id":"https:\/\/aemoda.com\/en\/#\/schema\/person\/24b7d684912e523729541c94a08ae16e","name":"gestor","image":{"@type":"ImageObject","inLanguage":"en-US","@id":"https:\/\/aemoda.com\/en\/#\/schema\/person\/image\/","url":"https:\/\/secure.gravatar.com\/avatar\/aa1309c942c4e5f1bd49e72ada90cf604957fe4abac30a61235a580a9e4884f9?s=96&d=mm&r=g","contentUrl":"https:\/\/secure.gravatar.com\/avatar\/aa1309c942c4e5f1bd49e72ada90cf604957fe4abac30a61235a580a9e4884f9?s=96&d=mm&r=g","caption":"gestor"},"sameAs":["https:\/\/aemoda.com\/nueva"],"url":"https:\/\/aemoda.com\/en\/author\/gestor\/"}]}},"_links":{"self":[{"href":"https:\/\/aemoda.com\/en\/wp-json\/wp\/v2\/posts\/3301","targetHints":{"allow":["GET"]}}],"collection":[{"href":"https:\/\/aemoda.com\/en\/wp-json\/wp\/v2\/posts"}],"about":[{"href":"https:\/\/aemoda.com\/en\/wp-json\/wp\/v2\/types\/post"}],"author":[{"embeddable":true,"href":"https:\/\/aemoda.com\/en\/wp-json\/wp\/v2\/users\/1"}],"replies":[{"embeddable":true,"href":"https:\/\/aemoda.com\/en\/wp-json\/wp\/v2\/comments?post=3301"}],"version-history":[{"count":0,"href":"https:\/\/aemoda.com\/en\/wp-json\/wp\/v2\/posts\/3301\/revisions"}],"wp:featuredmedia":[{"embeddable":true,"href":"https:\/\/aemoda.com\/en\/wp-json\/wp\/v2\/media\/3294"}],"wp:attachment":[{"href":"https:\/\/aemoda.com\/en\/wp-json\/wp\/v2\/media?parent=3301"}],"wp:term":[{"taxonomy":"category","embeddable":true,"href":"https:\/\/aemoda.com\/en\/wp-json\/wp\/v2\/categories?post=3301"},{"taxonomy":"post_tag","embeddable":true,"href":"https:\/\/aemoda.com\/en\/wp-json\/wp\/v2\/tags?post=3301"}],"curies":[{"name":"wp","href":"https:\/\/api.w.org\/{rel}","templated":true}]}}