{"id":3351,"date":"2024-05-10T16:27:56","date_gmt":"2024-05-10T16:27:56","guid":{"rendered":"https:\/\/aemoda.com\/aemo-2024-award-ceremony\/"},"modified":"2024-05-10T16:27:56","modified_gmt":"2024-05-10T16:27:56","slug":"aemo-2024-award-ceremony","status":"publish","type":"post","link":"https:\/\/aemoda.com\/en\/aemo-2024-award-ceremony\/","title":{"rendered":"AEMO 2024 Award Ceremony"},"content":{"rendered":"<p>Yesterday at the Montoro Olive Tree Fair, we received the third prize for the dissemination of olive oil culture awarded by AEMO. It was a great honour to receive this recognition for the second time.<br \/>\nOn the occasion of the 10th anniversary of our Association, last year we held 25 oil tastings throughout Spain, Italy and Portugal to showcase the different qualities of oil produced in our mills. More than 1000 people attended these tastings and were given a copy of the book written by Dr. Jos\u00e9 Juan Gaforio.<br \/>\nWe would like to thank all the collaborators, especially Jos\u00e9 Juan Gaforio, for their collaboration with our association, without whom this recognition would not have been possible.<br \/>\nWe will continue to work to spread the goodness of our oils.<\/p>\n\n\t\t<style type=\"text\/css\">\n\t\t\t#gallery-1 {\n\t\t\t\tmargin: auto;\n\t\t\t}\n\t\t\t#gallery-1 .gallery-item {\n\t\t\t\tfloat: left;\n\t\t\t\tmargin-top: 10px;\n\t\t\t\ttext-align: center;\n\t\t\t\twidth: 33%;\n\t\t\t}\n\t\t\t#gallery-1 img {\n\t\t\t\tborder: 2px solid #cfcfcf;\n\t\t\t}\n\t\t\t#gallery-1 .gallery-caption {\n\t\t\t\tmargin-left: 0;\n\t\t\t}\n\t\t\t\/* see gallery_shortcode() in wp-includes\/media.php *\/\n\t\t<\/style>\n\t\t<div id='gallery-1' class='gallery galleryid-3351 gallery-columns-3 gallery-size-thumbnail'><dl class='gallery-item'>\n\t\t\t<dt class='gallery-icon portrait'>\n\t\t\t\t<a href='https:\/\/aemoda.com\/en\/aemo-2024-award-ceremony\/premio-aemo-difusion-de-la-cultura-del-olivo-4-2\/'><img loading=\"lazy\" decoding=\"async\" width=\"150\" height=\"150\" src=\"https:\/\/aemoda.com\/wp-content\/uploads\/2024\/05\/PREMIO-AEMO-DIFUSION-DE-LA-CULTURA-DEL-OLIVO-4-150x150.jpg\" class=\"attachment-thumbnail size-thumbnail\" alt=\"\" \/><\/a>\n\t\t\t<\/dt><\/dl><dl class='gallery-item'>\n\t\t\t<dt class='gallery-icon landscape'>\n\t\t\t\t<a href='https:\/\/aemoda.com\/en\/aemo-2024-award-ceremony\/premio-aemo-difusion-de-la-cultura-del-olivo-5-2\/'><img loading=\"lazy\" decoding=\"async\" width=\"150\" height=\"150\" src=\"https:\/\/aemoda.com\/wp-content\/uploads\/2024\/05\/PREMIO-AEMO-DIFUSION-DE-LA-CULTURA-DEL-OLIVO-5-150x150.jpg\" class=\"attachment-thumbnail size-thumbnail\" alt=\"\" \/><\/a>\n\t\t\t<\/dt><\/dl><dl class='gallery-item'>\n\t\t\t<dt class='gallery-icon landscape'>\n\t\t\t\t<a href='https:\/\/aemoda.com\/en\/aemo-2024-award-ceremony\/premio-aemo-difusion-de-la-cultura-del-olivo-6-2\/'><img loading=\"lazy\" decoding=\"async\" width=\"150\" height=\"150\" src=\"https:\/\/aemoda.com\/wp-content\/uploads\/2024\/05\/PREMIO-AEMO-DIFUSION-DE-LA-CULTURA-DEL-OLIVO-6-150x150.jpg\" class=\"attachment-thumbnail size-thumbnail\" alt=\"\" \/><\/a>\n\t\t\t<\/dt><\/dl><br style=\"clear: both\" \/><dl class='gallery-item'>\n\t\t\t<dt class='gallery-icon landscape'>\n\t\t\t\t<a href='https:\/\/aemoda.com\/en\/aemo-2024-award-ceremony\/premio-aemo-difusion-de-la-cultura-del-olivo-7-2\/'><img loading=\"lazy\" decoding=\"async\" width=\"150\" height=\"150\" src=\"https:\/\/aemoda.com\/wp-content\/uploads\/2024\/05\/PREMIO-AEMO-DIFUSION-DE-LA-CULTURA-DEL-OLIVO-7-150x150.jpg\" class=\"attachment-thumbnail size-thumbnail\" alt=\"\" \/><\/a>\n\t\t\t<\/dt><\/dl><dl class='gallery-item'>\n\t\t\t<dt class='gallery-icon landscape'>\n\t\t\t\t<a href='https:\/\/aemoda.com\/en\/aemo-2024-award-ceremony\/premio-aemo-difusion-de-la-cultura-del-olivo-8-2\/'><img loading=\"lazy\" decoding=\"async\" width=\"150\" height=\"150\" src=\"https:\/\/aemoda.com\/wp-content\/uploads\/2024\/05\/PREMIO-AEMO-DIFUSION-DE-LA-CULTURA-DEL-OLIVO-8-150x150.jpg\" class=\"attachment-thumbnail size-thumbnail\" alt=\"\" \/><\/a>\n\t\t\t<\/dt><\/dl><dl class='gallery-item'>\n\t\t\t<dt class='gallery-icon portrait'>\n\t\t\t\t<a href='https:\/\/aemoda.com\/en\/aemo-2024-award-ceremony\/premio-aemo-difusion-de-la-cultura-del-olivo-1-2\/'><img loading=\"lazy\" decoding=\"async\" width=\"150\" height=\"150\" src=\"https:\/\/aemoda.com\/wp-content\/uploads\/2024\/05\/PREMIO-AEMO-DIFUSION-DE-LA-CULTURA-DEL-OLIVO-1-150x150.jpg\" class=\"attachment-thumbnail size-thumbnail\" alt=\"\" \/><\/a>\n\t\t\t<\/dt><\/dl><br style=\"clear: both\" \/><dl class='gallery-item'>\n\t\t\t<dt class='gallery-icon portrait'>\n\t\t\t\t<a href='https:\/\/aemoda.com\/en\/aemo-2024-award-ceremony\/premio-aemo-difusion-de-la-cultura-del-olivo-2-2\/'><img loading=\"lazy\" decoding=\"async\" width=\"150\" height=\"150\" src=\"https:\/\/aemoda.com\/wp-content\/uploads\/2024\/05\/PREMIO-AEMO-DIFUSION-DE-LA-CULTURA-DEL-OLIVO-2-150x150.jpg\" class=\"attachment-thumbnail size-thumbnail\" alt=\"\" \/><\/a>\n\t\t\t<\/dt><\/dl>\n\t\t\t<br style='clear: both' \/>\n\t\t<\/div>\n\n<p>&nbsp;<\/p>\n","protected":false},"excerpt":{"rendered":"<p>Yesterday at the Montoro Olive Tree Fair, we received the third prize for the dissemination of olive oil culture awarded by AEMO. It was a great honour to receive this recognition for the second time. On the occasion of the 10th anniversary of our Association, last year we held 25 oil tastings throughout Spain, Italy [&hellip;]<\/p>\n","protected":false},"author":1,"featured_media":3335,"comment_status":"closed","ping_status":"closed","sticky":false,"template":"","format":"standard","meta":{"_et_pb_use_builder":"","_et_pb_old_content":"","_et_gb_content_width":"","ngg_post_thumbnail":0,"footnotes":""},"categories":[],"tags":[],"class_list":["post-3351","post","type-post","status-publish","format-standard","has-post-thumbnail","hentry"],"yoast_head":"<!-- This site is optimized with the Yoast SEO plugin v23.1 - https:\/\/yoast.com\/wordpress\/plugins\/seo\/ -->\n<title>AEMO 2024 Award Ceremony - AEMODA<\/title>\n<meta name=\"robots\" content=\"index, follow, max-snippet:-1, max-image-preview:large, max-video-preview:-1\" \/>\n<link rel=\"canonical\" href=\"https:\/\/aemoda.com\/en\/aemo-2024-award-ceremony\/\" \/>\n<meta property=\"og:locale\" content=\"en_US\" \/>\n<meta property=\"og:type\" content=\"article\" \/>\n<meta property=\"og:title\" content=\"AEMO 2024 Award Ceremony - AEMODA\" \/>\n<meta property=\"og:description\" content=\"Yesterday at the Montoro Olive Tree Fair, we received the third prize for the dissemination of olive oil culture awarded by AEMO. It was a great honour to receive this recognition for the second time. On the occasion of the 10th anniversary of our Association, last year we held 25 oil tastings throughout Spain, Italy [&hellip;]\" \/>\n<meta property=\"og:url\" content=\"https:\/\/aemoda.com\/en\/aemo-2024-award-ceremony\/\" \/>\n<meta property=\"og:site_name\" content=\"AEMODA\" \/>\n<meta property=\"article:publisher\" content=\"https:\/\/www.facebook.com\/profile.php?id=100055135007306\" \/>\n<meta property=\"article:published_time\" content=\"2024-05-10T16:27:56+00:00\" \/>\n<meta property=\"og:image\" content=\"https:\/\/aemoda.com\/wp-content\/uploads\/2024\/05\/PREMIO-AEMO-DIFUSION-DE-LA-CULTURA-DEL-OLIVO-3-rotated.jpg\" \/>\n\t<meta property=\"og:image:width\" content=\"1600\" \/>\n\t<meta property=\"og:image:height\" content=\"1204\" \/>\n\t<meta property=\"og:image:type\" content=\"image\/jpeg\" \/>\n<meta name=\"author\" content=\"gestor\" \/>\n<meta name=\"twitter:card\" content=\"summary_large_image\" \/>\n<meta name=\"twitter:label1\" content=\"Written by\" \/>\n\t<meta name=\"twitter:data1\" content=\"gestor\" \/>\n\t<meta name=\"twitter:label2\" content=\"Est. reading time\" \/>\n\t<meta name=\"twitter:data2\" content=\"1 minute\" \/>\n<script type=\"application\/ld+json\" class=\"yoast-schema-graph\">{\"@context\":\"https:\/\/schema.org\",\"@graph\":[{\"@type\":\"Article\",\"@id\":\"https:\/\/aemoda.com\/en\/aemo-2024-award-ceremony\/#article\",\"isPartOf\":{\"@id\":\"https:\/\/aemoda.com\/en\/aemo-2024-award-ceremony\/\"},\"author\":{\"name\":\"gestor\",\"@id\":\"https:\/\/aemoda.com\/en\/#\/schema\/person\/24b7d684912e523729541c94a08ae16e\"},\"headline\":\"AEMO 2024 Award Ceremony\",\"datePublished\":\"2024-05-10T16:27:56+00:00\",\"dateModified\":\"2024-05-10T16:27:56+00:00\",\"mainEntityOfPage\":{\"@id\":\"https:\/\/aemoda.com\/en\/aemo-2024-award-ceremony\/\"},\"wordCount\":132,\"publisher\":{\"@id\":\"https:\/\/aemoda.com\/en\/#organization\"},\"image\":{\"@id\":\"https:\/\/aemoda.com\/en\/aemo-2024-award-ceremony\/#primaryimage\"},\"thumbnailUrl\":\"https:\/\/aemoda.com\/wp-content\/uploads\/2024\/05\/PREMIO-AEMO-DIFUSION-DE-LA-CULTURA-DEL-OLIVO-3-rotated.jpg\",\"inLanguage\":\"en-US\"},{\"@type\":\"WebPage\",\"@id\":\"https:\/\/aemoda.com\/en\/aemo-2024-award-ceremony\/\",\"url\":\"https:\/\/aemoda.com\/en\/aemo-2024-award-ceremony\/\",\"name\":\"AEMO 2024 Award Ceremony - AEMODA\",\"isPartOf\":{\"@id\":\"https:\/\/aemoda.com\/en\/#website\"},\"primaryImageOfPage\":{\"@id\":\"https:\/\/aemoda.com\/en\/aemo-2024-award-ceremony\/#primaryimage\"},\"image\":{\"@id\":\"https:\/\/aemoda.com\/en\/aemo-2024-award-ceremony\/#primaryimage\"},\"thumbnailUrl\":\"https:\/\/aemoda.com\/wp-content\/uploads\/2024\/05\/PREMIO-AEMO-DIFUSION-DE-LA-CULTURA-DEL-OLIVO-3-rotated.jpg\",\"datePublished\":\"2024-05-10T16:27:56+00:00\",\"dateModified\":\"2024-05-10T16:27:56+00:00\",\"breadcrumb\":{\"@id\":\"https:\/\/aemoda.com\/en\/aemo-2024-award-ceremony\/#breadcrumb\"},\"inLanguage\":\"en-US\",\"potentialAction\":[{\"@type\":\"ReadAction\",\"target\":[\"https:\/\/aemoda.com\/en\/aemo-2024-award-ceremony\/\"]}]},{\"@type\":\"ImageObject\",\"inLanguage\":\"en-US\",\"@id\":\"https:\/\/aemoda.com\/en\/aemo-2024-award-ceremony\/#primaryimage\",\"url\":\"https:\/\/aemoda.com\/wp-content\/uploads\/2024\/05\/PREMIO-AEMO-DIFUSION-DE-LA-CULTURA-DEL-OLIVO-3-rotated.jpg\",\"contentUrl\":\"https:\/\/aemoda.com\/wp-content\/uploads\/2024\/05\/PREMIO-AEMO-DIFUSION-DE-LA-CULTURA-DEL-OLIVO-3-rotated.jpg\",\"width\":1600,\"height\":1204},{\"@type\":\"BreadcrumbList\",\"@id\":\"https:\/\/aemoda.com\/en\/aemo-2024-award-ceremony\/#breadcrumb\",\"itemListElement\":[{\"@type\":\"ListItem\",\"position\":1,\"name\":\"Portada\",\"item\":\"https:\/\/aemoda.com\/en\/home\/\"},{\"@type\":\"ListItem\",\"position\":2,\"name\":\"AEMO 2024 Award Ceremony\"}]},{\"@type\":\"WebSite\",\"@id\":\"https:\/\/aemoda.com\/en\/#website\",\"url\":\"https:\/\/aemoda.com\/en\/\",\"name\":\"AEMODA\",\"description\":\"Asociaci\u00f3n Espa\u00f1ola de Maestros y Operarios de Almazara\",\"publisher\":{\"@id\":\"https:\/\/aemoda.com\/en\/#organization\"},\"alternateName\":\"Asociaci\u00f3n Espa\u00f1ola de Maestros y Operarios de Almazara\",\"potentialAction\":[{\"@type\":\"SearchAction\",\"target\":{\"@type\":\"EntryPoint\",\"urlTemplate\":\"https:\/\/aemoda.com\/en\/?s={search_term_string}\"},\"query-input\":\"required name=search_term_string\"}],\"inLanguage\":\"en-US\"},{\"@type\":\"Organization\",\"@id\":\"https:\/\/aemoda.com\/en\/#organization\",\"name\":\"AEMODA, Asociaci\u00f3n Espa\u00f1ola de Maestros y Operarios de Almazara\",\"alternateName\":\"Asociaci\u00f3n Espa\u00f1ola de Maestros y Operarios de Almazara\",\"url\":\"https:\/\/aemoda.com\/en\/\",\"logo\":{\"@type\":\"ImageObject\",\"inLanguage\":\"en-US\",\"@id\":\"https:\/\/aemoda.com\/en\/#\/schema\/logo\/image\/\",\"url\":\"https:\/\/aemoda.com\/wp-content\/uploads\/2023\/04\/logo_3-removebg-preview.png\",\"contentUrl\":\"https:\/\/aemoda.com\/wp-content\/uploads\/2023\/04\/logo_3-removebg-preview.png\",\"width\":816,\"height\":306,\"caption\":\"AEMODA, Asociaci\u00f3n Espa\u00f1ola de Maestros y Operarios de Almazara\"},\"image\":{\"@id\":\"https:\/\/aemoda.com\/en\/#\/schema\/logo\/image\/\"},\"sameAs\":[\"https:\/\/www.facebook.com\/profile.php?id=100055135007306\"]},{\"@type\":\"Person\",\"@id\":\"https:\/\/aemoda.com\/en\/#\/schema\/person\/24b7d684912e523729541c94a08ae16e\",\"name\":\"gestor\",\"image\":{\"@type\":\"ImageObject\",\"inLanguage\":\"en-US\",\"@id\":\"https:\/\/aemoda.com\/en\/#\/schema\/person\/image\/\",\"url\":\"https:\/\/secure.gravatar.com\/avatar\/aa1309c942c4e5f1bd49e72ada90cf604957fe4abac30a61235a580a9e4884f9?s=96&d=mm&r=g\",\"contentUrl\":\"https:\/\/secure.gravatar.com\/avatar\/aa1309c942c4e5f1bd49e72ada90cf604957fe4abac30a61235a580a9e4884f9?s=96&d=mm&r=g\",\"caption\":\"gestor\"},\"sameAs\":[\"https:\/\/aemoda.com\/nueva\"],\"url\":\"https:\/\/aemoda.com\/en\/author\/gestor\/\"}]}<\/script>\n<!-- \/ Yoast SEO plugin. -->","yoast_head_json":{"title":"AEMO 2024 Award Ceremony - AEMODA","robots":{"index":"index","follow":"follow","max-snippet":"max-snippet:-1","max-image-preview":"max-image-preview:large","max-video-preview":"max-video-preview:-1"},"canonical":"https:\/\/aemoda.com\/en\/aemo-2024-award-ceremony\/","og_locale":"en_US","og_type":"article","og_title":"AEMO 2024 Award Ceremony - AEMODA","og_description":"Yesterday at the Montoro Olive Tree Fair, we received the third prize for the dissemination of olive oil culture awarded by AEMO. It was a great honour to receive this recognition for the second time. On the occasion of the 10th anniversary of our Association, last year we held 25 oil tastings throughout Spain, Italy [&hellip;]","og_url":"https:\/\/aemoda.com\/en\/aemo-2024-award-ceremony\/","og_site_name":"AEMODA","article_publisher":"https:\/\/www.facebook.com\/profile.php?id=100055135007306","article_published_time":"2024-05-10T16:27:56+00:00","og_image":[{"width":1600,"height":1204,"url":"https:\/\/aemoda.com\/wp-content\/uploads\/2024\/05\/PREMIO-AEMO-DIFUSION-DE-LA-CULTURA-DEL-OLIVO-3-rotated.jpg","type":"image\/jpeg"}],"author":"gestor","twitter_card":"summary_large_image","twitter_misc":{"Written by":"gestor","Est. reading time":"1 minute"},"schema":{"@context":"https:\/\/schema.org","@graph":[{"@type":"Article","@id":"https:\/\/aemoda.com\/en\/aemo-2024-award-ceremony\/#article","isPartOf":{"@id":"https:\/\/aemoda.com\/en\/aemo-2024-award-ceremony\/"},"author":{"name":"gestor","@id":"https:\/\/aemoda.com\/en\/#\/schema\/person\/24b7d684912e523729541c94a08ae16e"},"headline":"AEMO 2024 Award Ceremony","datePublished":"2024-05-10T16:27:56+00:00","dateModified":"2024-05-10T16:27:56+00:00","mainEntityOfPage":{"@id":"https:\/\/aemoda.com\/en\/aemo-2024-award-ceremony\/"},"wordCount":132,"publisher":{"@id":"https:\/\/aemoda.com\/en\/#organization"},"image":{"@id":"https:\/\/aemoda.com\/en\/aemo-2024-award-ceremony\/#primaryimage"},"thumbnailUrl":"https:\/\/aemoda.com\/wp-content\/uploads\/2024\/05\/PREMIO-AEMO-DIFUSION-DE-LA-CULTURA-DEL-OLIVO-3-rotated.jpg","inLanguage":"en-US"},{"@type":"WebPage","@id":"https:\/\/aemoda.com\/en\/aemo-2024-award-ceremony\/","url":"https:\/\/aemoda.com\/en\/aemo-2024-award-ceremony\/","name":"AEMO 2024 Award Ceremony - AEMODA","isPartOf":{"@id":"https:\/\/aemoda.com\/en\/#website"},"primaryImageOfPage":{"@id":"https:\/\/aemoda.com\/en\/aemo-2024-award-ceremony\/#primaryimage"},"image":{"@id":"https:\/\/aemoda.com\/en\/aemo-2024-award-ceremony\/#primaryimage"},"thumbnailUrl":"https:\/\/aemoda.com\/wp-content\/uploads\/2024\/05\/PREMIO-AEMO-DIFUSION-DE-LA-CULTURA-DEL-OLIVO-3-rotated.jpg","datePublished":"2024-05-10T16:27:56+00:00","dateModified":"2024-05-10T16:27:56+00:00","breadcrumb":{"@id":"https:\/\/aemoda.com\/en\/aemo-2024-award-ceremony\/#breadcrumb"},"inLanguage":"en-US","potentialAction":[{"@type":"ReadAction","target":["https:\/\/aemoda.com\/en\/aemo-2024-award-ceremony\/"]}]},{"@type":"ImageObject","inLanguage":"en-US","@id":"https:\/\/aemoda.com\/en\/aemo-2024-award-ceremony\/#primaryimage","url":"https:\/\/aemoda.com\/wp-content\/uploads\/2024\/05\/PREMIO-AEMO-DIFUSION-DE-LA-CULTURA-DEL-OLIVO-3-rotated.jpg","contentUrl":"https:\/\/aemoda.com\/wp-content\/uploads\/2024\/05\/PREMIO-AEMO-DIFUSION-DE-LA-CULTURA-DEL-OLIVO-3-rotated.jpg","width":1600,"height":1204},{"@type":"BreadcrumbList","@id":"https:\/\/aemoda.com\/en\/aemo-2024-award-ceremony\/#breadcrumb","itemListElement":[{"@type":"ListItem","position":1,"name":"Portada","item":"https:\/\/aemoda.com\/en\/home\/"},{"@type":"ListItem","position":2,"name":"AEMO 2024 Award Ceremony"}]},{"@type":"WebSite","@id":"https:\/\/aemoda.com\/en\/#website","url":"https:\/\/aemoda.com\/en\/","name":"AEMODA","description":"Asociaci\u00f3n Espa\u00f1ola de Maestros y Operarios de Almazara","publisher":{"@id":"https:\/\/aemoda.com\/en\/#organization"},"alternateName":"Asociaci\u00f3n Espa\u00f1ola de Maestros y Operarios de Almazara","potentialAction":[{"@type":"SearchAction","target":{"@type":"EntryPoint","urlTemplate":"https:\/\/aemoda.com\/en\/?s={search_term_string}"},"query-input":"required name=search_term_string"}],"inLanguage":"en-US"},{"@type":"Organization","@id":"https:\/\/aemoda.com\/en\/#organization","name":"AEMODA, Asociaci\u00f3n Espa\u00f1ola de Maestros y Operarios de Almazara","alternateName":"Asociaci\u00f3n Espa\u00f1ola de Maestros y Operarios de Almazara","url":"https:\/\/aemoda.com\/en\/","logo":{"@type":"ImageObject","inLanguage":"en-US","@id":"https:\/\/aemoda.com\/en\/#\/schema\/logo\/image\/","url":"https:\/\/aemoda.com\/wp-content\/uploads\/2023\/04\/logo_3-removebg-preview.png","contentUrl":"https:\/\/aemoda.com\/wp-content\/uploads\/2023\/04\/logo_3-removebg-preview.png","width":816,"height":306,"caption":"AEMODA, Asociaci\u00f3n Espa\u00f1ola de Maestros y Operarios de Almazara"},"image":{"@id":"https:\/\/aemoda.com\/en\/#\/schema\/logo\/image\/"},"sameAs":["https:\/\/www.facebook.com\/profile.php?id=100055135007306"]},{"@type":"Person","@id":"https:\/\/aemoda.com\/en\/#\/schema\/person\/24b7d684912e523729541c94a08ae16e","name":"gestor","image":{"@type":"ImageObject","inLanguage":"en-US","@id":"https:\/\/aemoda.com\/en\/#\/schema\/person\/image\/","url":"https:\/\/secure.gravatar.com\/avatar\/aa1309c942c4e5f1bd49e72ada90cf604957fe4abac30a61235a580a9e4884f9?s=96&d=mm&r=g","contentUrl":"https:\/\/secure.gravatar.com\/avatar\/aa1309c942c4e5f1bd49e72ada90cf604957fe4abac30a61235a580a9e4884f9?s=96&d=mm&r=g","caption":"gestor"},"sameAs":["https:\/\/aemoda.com\/nueva"],"url":"https:\/\/aemoda.com\/en\/author\/gestor\/"}]}},"_links":{"self":[{"href":"https:\/\/aemoda.com\/en\/wp-json\/wp\/v2\/posts\/3351","targetHints":{"allow":["GET"]}}],"collection":[{"href":"https:\/\/aemoda.com\/en\/wp-json\/wp\/v2\/posts"}],"about":[{"href":"https:\/\/aemoda.com\/en\/wp-json\/wp\/v2\/types\/post"}],"author":[{"embeddable":true,"href":"https:\/\/aemoda.com\/en\/wp-json\/wp\/v2\/users\/1"}],"replies":[{"embeddable":true,"href":"https:\/\/aemoda.com\/en\/wp-json\/wp\/v2\/comments?post=3351"}],"version-history":[{"count":0,"href":"https:\/\/aemoda.com\/en\/wp-json\/wp\/v2\/posts\/3351\/revisions"}],"wp:featuredmedia":[{"embeddable":true,"href":"https:\/\/aemoda.com\/en\/wp-json\/wp\/v2\/media\/3335"}],"wp:attachment":[{"href":"https:\/\/aemoda.com\/en\/wp-json\/wp\/v2\/media?parent=3351"}],"wp:term":[{"taxonomy":"category","embeddable":true,"href":"https:\/\/aemoda.com\/en\/wp-json\/wp\/v2\/categories?post=3351"},{"taxonomy":"post_tag","embeddable":true,"href":"https:\/\/aemoda.com\/en\/wp-json\/wp\/v2\/tags?post=3351"}],"curies":[{"name":"wp","href":"https:\/\/api.w.org\/{rel}","templated":true}]}}