{"id":3414,"date":"2024-06-03T17:14:24","date_gmt":"2024-06-03T17:14:24","guid":{"rendered":"https:\/\/aemoda.com\/douliva-task-force-results-dissemination-day\/"},"modified":"2024-06-03T17:14:24","modified_gmt":"2024-06-03T17:14:24","slug":"douliva-task-force-results-dissemination-day","status":"publish","type":"post","link":"https:\/\/aemoda.com\/en\/douliva-task-force-results-dissemination-day\/","title":{"rendered":"DOULIVA TASK FORCE RESULTS DISSEMINATION DAY"},"content":{"rendered":"<p align=\"center\"><b>DOULIVA TASK FORCE RESULTS DISSEMINATION DAY<\/b><\/p>\n<p align=\"center\"><b>THURSDAY 06TH JUNE<\/b><\/p>\n<p align=\"center\"><i>Venue: Assembly Hall of the National Agri-Food Technology Centre CTAEX<\/i><\/p>\n<p>Next <u>Thursday 6 June at 09:30<\/u>, will take place in the assembly hall of CTAEX (<span style=\"color: #467886;\"><u><a href=\"http:\/\/www.ctaex.com\/\">www.ctaex.com<\/a><\/u><\/span>) a large part of the olive sector to see first-hand some of the results of the Douliva Regional Operational Group, which aims to strengthen the competitiveness of the olive, olive oil and table olive sector through the implementation of digitisable solutions that help to reduce the impact of climate change on olive growing and its products and ensure the most sustainable management possible of the olive oil and table olive value chains.<\/p>\n<p>This conference will focus on the s<b>ustainability of the value chain of virgin olive oils, from how climate change affects<\/b> our EVOOs and how to mitigate it, to the packaging of the oils obtained.<\/p>\n<p>Sustainability has become a crucial issue today because of the need to preserve natural resources and ensure a future as close to the present as possible for future generations. In this context, olive groves and olive oil mills play a fundamental role, as they are closely linked to the production of olive oil, an essential food in the Mediterranean diet and in many other cultures. In this context, olive groves and olive oil mills play a fundamental role, as they are closely linked to the production of olive oil, an essential food in the Mediterranean diet and in many other cultures.<\/p>\n<p>The aim of the day on sustainability in olive groves and olive oil mills is to raise awareness among producers, workers and consumers of the importance of adopting sustainable practices throughout the production chain. From the cultivation of the olive tree to the marketing of EVOO, every step must consider the environmental and social impact.<\/p>\n<p>This day will explore various areas related to sustainability in olive groves and olive oil mills in different presentations:<\/p>\n<ul>\n<li>Cultivo responsable: el efecto de la temperatura en la producci\u00f3n y c\u00f3mo poder mitigarlo.<\/li>\n<li>Energy efficiency and water management in the olive mill.<\/li>\n<li>Community and employees: addressing the importance of fair working conditions, the training of workers and the integration of the local community in the activities of the mills.<\/li>\n<li>Sustainable marketing and communication: We will explore strategies for communicating the sustainable values of olive products and how to reach conscious consumers.<\/li>\n<\/ul>\n<p>These points will be discussed with the participation of technicians from the DOULIVA Regional Operational Group: Manuel Zambrano (Vi\u00f1aoliva), Diego D\u00edaz (R\u00edo Lacar\u00f3n), Sof\u00eda Redondo-Redondo (CTAEX) and Alfonso Monta\u00f1o (CTAEX). In addition, in order to broaden solutions and experience, the day will feature the presentation of technology for the analysis of olives directly on the tree developed by the company SOLTEL. Pedro Guarente (SOLTEL) and Julio Barbancho (PRODTI Foundation) will present the results of their SCOUT project. To get an insight into the last links of the value chain, Bartolom\u00e9 Lara from DEOLEO, will talk about the importance and value for his company of sustainability from its suppliers to the final consumer, as every day this aspect is key to strengthen the commercial links between producers and packers.<\/p>\n<p>The conference was brought to a close by Fabi\u00e1n Gordillo Lemus as Representative of the Oil Sector of Agri-food Cooperatives of Extremadura in order to show that the sector<\/p>\n<p>Sustainability in olive groves and mills is not only a responsibility, but also an opportunity to create a more competitive future for the sector by being more sustainable, and cooperatives are already working along these lines.<\/p>\n<p>Registrations to attend this event can be made at the following link: <span style=\"color: #467886;\"><u><a href=\"http:\/\/bit.ly\/GO_DOULIVA\">http:\/\/bit.ly\/GO_DOULIVA<\/a><\/u><\/span><\/p>\n<p>M\u00e1s informaci\u00f3n en la web de CTAEX y en la del Grupo Operativo: <span style=\"color: #467886;\"><u><a href=\"https:\/\/observatorioagroalimentario.com\/proyectos\/GOR\/douliva\">https:\/\/observatorioagroalimentario.com\/proyectos\/GOR\/douliva<\/a><\/u><\/span><\/p>\n<p style=\"text-align: center;\"><strong>Programme<\/strong><\/p>\n<p style=\"text-align: center;\"><b>09:30 Reception of attendees. Breakfast with EVOOs from the DOULIVA Project.<\/b><\/p>\n<p style=\"text-align: center;\">(R\u00edo Lacar\u00f3n and Vi\u00f1aoliva EVOOs)<\/p>\n<p style=\"text-align: center;\"><b>10:00 Presentation of the Douliva Regional Task Force.<\/b><\/p>\n<p style=\"text-align: center;\">Manuel Zambrano. Vi\u00f1aoliva.<\/p>\n<p style=\"text-align: center;\"><b>10:15 How Climate Change affects production and mechanisms that would help mitigate the impact.<\/b><\/p>\n<p style=\"text-align: center;\">Alfonso Monta\u00f1o. Ole\u00f3logo de CTAEX.<\/p>\n<p style=\"text-align: center;\">Diego D\u00edaz. R\u00edo Lacar\u00f3n S.L.<\/p>\n<p style=\"text-align: center;\">Sof\u00eda Redondo-Redondo. Researcher at CTAEX.<\/p>\n<p style=\"text-align: center;\"><b>11:00 Monitoring of table olive tree and mill maturity using hyperspectral technology.<\/b><\/p>\n<p style=\"text-align: center;\">Pedro Guembe. Soltel Group<\/p>\n<p style=\"text-align: center;\">Julio Barbancho. PRODTI &#8211; Grupo de investigaci\u00f3n TIC-150<\/p>\n<p style=\"text-align: center;\"><b>11:45. Sustainability in the oil mill: for zero-emission processing.<\/b><\/p>\n<p style=\"text-align: center;\">Alfonso Monta\u00f1o. Ole\u00f3logo de CTAEX.<\/p>\n<p style=\"text-align: center;\"><b>12:30. DEOLEO Sustainability in the Olive Oil value chain.<\/b><\/p>\n<p style=\"text-align: center;\">Bartolom\u00e9 Lara Cledera. DEOLEO Global Sustainability Technician.<\/p>\n<p style=\"text-align: center;\"><b>13:15 Closing of the conference<\/b><\/p>\n<p style=\"text-align: center;\">Fabi\u00e1n Gordillo Lemus.<\/p>\n<p style=\"text-align: center;\">Olive Oil Sector of Cooperativas Agroalimentarias de Extremadura<\/p>\n<p style=\"text-align: center;\">Manager in S.C.A. Virgen de la Estrella.<\/p>\n","protected":false},"excerpt":{"rendered":"<p>DOULIVA TASK FORCE RESULTS DISSEMINATION DAY THURSDAY 06TH JUNE Venue: Assembly Hall of the National Agri-Food Technology Centre CTAEX Next Thursday 6 June at 09:30, will take place in the assembly hall of CTAEX (www.ctaex.com) a large part of the olive sector to see first-hand some of the results of the Douliva Regional Operational Group, [&hellip;]<\/p>\n","protected":false},"author":1,"featured_media":0,"comment_status":"closed","ping_status":"closed","sticky":false,"template":"","format":"standard","meta":{"_et_pb_use_builder":"","_et_pb_old_content":"","_et_gb_content_width":"","ngg_post_thumbnail":0,"footnotes":""},"categories":[],"tags":[],"class_list":["post-3414","post","type-post","status-publish","format-standard","hentry"],"yoast_head":"<!-- This site is optimized with the Yoast SEO plugin v23.1 - https:\/\/yoast.com\/wordpress\/plugins\/seo\/ -->\n<title>DOULIVA TASK FORCE RESULTS DISSEMINATION DAY - AEMODA<\/title>\n<meta name=\"description\" content=\"Next Thursday 6th June at 09:30 the event will take place at CTAEX: DOULIVA TASK FORCE RESULTS DISSEMINATION DAY.\" \/>\n<meta name=\"robots\" content=\"index, follow, max-snippet:-1, max-image-preview:large, max-video-preview:-1\" \/>\n<link rel=\"canonical\" href=\"https:\/\/aemoda.com\/en\/douliva-task-force-results-dissemination-day\/\" \/>\n<meta property=\"og:locale\" content=\"en_US\" \/>\n<meta property=\"og:type\" content=\"article\" \/>\n<meta property=\"og:title\" content=\"DOULIVA TASK FORCE RESULTS DISSEMINATION DAY - AEMODA\" \/>\n<meta property=\"og:description\" content=\"Next Thursday 6th June at 09:30 the event will take place at CTAEX: DOULIVA TASK FORCE RESULTS DISSEMINATION DAY.\" \/>\n<meta property=\"og:url\" content=\"https:\/\/aemoda.com\/en\/douliva-task-force-results-dissemination-day\/\" \/>\n<meta property=\"og:site_name\" content=\"AEMODA\" \/>\n<meta property=\"article:publisher\" content=\"https:\/\/www.facebook.com\/profile.php?id=100055135007306\" \/>\n<meta property=\"article:published_time\" content=\"2024-06-03T17:14:24+00:00\" \/>\n<meta property=\"og:image\" content=\"https:\/\/aemoda.com\/wp-content\/uploads\/2023\/04\/cropped-emoticono.jpg\" \/>\n\t<meta property=\"og:image:width\" content=\"512\" \/>\n\t<meta property=\"og:image:height\" content=\"512\" \/>\n\t<meta property=\"og:image:type\" content=\"image\/jpeg\" \/>\n<meta name=\"author\" content=\"gestor\" \/>\n<meta name=\"twitter:card\" content=\"summary_large_image\" \/>\n<meta name=\"twitter:label1\" content=\"Written by\" \/>\n\t<meta name=\"twitter:data1\" content=\"gestor\" \/>\n\t<meta name=\"twitter:label2\" content=\"Est. reading time\" \/>\n\t<meta name=\"twitter:data2\" content=\"4 minutes\" \/>\n<script type=\"application\/ld+json\" class=\"yoast-schema-graph\">{\"@context\":\"https:\/\/schema.org\",\"@graph\":[{\"@type\":\"Article\",\"@id\":\"https:\/\/aemoda.com\/en\/douliva-task-force-results-dissemination-day\/#article\",\"isPartOf\":{\"@id\":\"https:\/\/aemoda.com\/en\/douliva-task-force-results-dissemination-day\/\"},\"author\":{\"name\":\"gestor\",\"@id\":\"https:\/\/aemoda.com\/en\/#\/schema\/person\/24b7d684912e523729541c94a08ae16e\"},\"headline\":\"DOULIVA TASK FORCE RESULTS DISSEMINATION DAY\",\"datePublished\":\"2024-06-03T17:14:24+00:00\",\"dateModified\":\"2024-06-03T17:14:24+00:00\",\"mainEntityOfPage\":{\"@id\":\"https:\/\/aemoda.com\/en\/douliva-task-force-results-dissemination-day\/\"},\"wordCount\":778,\"publisher\":{\"@id\":\"https:\/\/aemoda.com\/en\/#organization\"},\"inLanguage\":\"en-US\"},{\"@type\":\"WebPage\",\"@id\":\"https:\/\/aemoda.com\/en\/douliva-task-force-results-dissemination-day\/\",\"url\":\"https:\/\/aemoda.com\/en\/douliva-task-force-results-dissemination-day\/\",\"name\":\"DOULIVA TASK FORCE RESULTS DISSEMINATION DAY - AEMODA\",\"isPartOf\":{\"@id\":\"https:\/\/aemoda.com\/en\/#website\"},\"datePublished\":\"2024-06-03T17:14:24+00:00\",\"dateModified\":\"2024-06-03T17:14:24+00:00\",\"description\":\"Next Thursday 6th June at 09:30 the event will take place at CTAEX: DOULIVA TASK FORCE RESULTS DISSEMINATION DAY.\",\"breadcrumb\":{\"@id\":\"https:\/\/aemoda.com\/en\/douliva-task-force-results-dissemination-day\/#breadcrumb\"},\"inLanguage\":\"en-US\",\"potentialAction\":[{\"@type\":\"ReadAction\",\"target\":[\"https:\/\/aemoda.com\/en\/douliva-task-force-results-dissemination-day\/\"]}]},{\"@type\":\"BreadcrumbList\",\"@id\":\"https:\/\/aemoda.com\/en\/douliva-task-force-results-dissemination-day\/#breadcrumb\",\"itemListElement\":[{\"@type\":\"ListItem\",\"position\":1,\"name\":\"Portada\",\"item\":\"https:\/\/aemoda.com\/en\/home\/\"},{\"@type\":\"ListItem\",\"position\":2,\"name\":\"DOULIVA TASK FORCE RESULTS DISSEMINATION DAY\"}]},{\"@type\":\"WebSite\",\"@id\":\"https:\/\/aemoda.com\/en\/#website\",\"url\":\"https:\/\/aemoda.com\/en\/\",\"name\":\"AEMODA\",\"description\":\"Asociaci\u00f3n Espa\u00f1ola de Maestros y Operarios de Almazara\",\"publisher\":{\"@id\":\"https:\/\/aemoda.com\/en\/#organization\"},\"alternateName\":\"Asociaci\u00f3n Espa\u00f1ola de Maestros y Operarios de Almazara\",\"potentialAction\":[{\"@type\":\"SearchAction\",\"target\":{\"@type\":\"EntryPoint\",\"urlTemplate\":\"https:\/\/aemoda.com\/en\/?s={search_term_string}\"},\"query-input\":\"required name=search_term_string\"}],\"inLanguage\":\"en-US\"},{\"@type\":\"Organization\",\"@id\":\"https:\/\/aemoda.com\/en\/#organization\",\"name\":\"AEMODA, Asociaci\u00f3n Espa\u00f1ola de Maestros y Operarios de Almazara\",\"alternateName\":\"Asociaci\u00f3n Espa\u00f1ola de Maestros y Operarios de Almazara\",\"url\":\"https:\/\/aemoda.com\/en\/\",\"logo\":{\"@type\":\"ImageObject\",\"inLanguage\":\"en-US\",\"@id\":\"https:\/\/aemoda.com\/en\/#\/schema\/logo\/image\/\",\"url\":\"https:\/\/aemoda.com\/wp-content\/uploads\/2023\/04\/logo_3-removebg-preview.png\",\"contentUrl\":\"https:\/\/aemoda.com\/wp-content\/uploads\/2023\/04\/logo_3-removebg-preview.png\",\"width\":816,\"height\":306,\"caption\":\"AEMODA, Asociaci\u00f3n Espa\u00f1ola de Maestros y Operarios de Almazara\"},\"image\":{\"@id\":\"https:\/\/aemoda.com\/en\/#\/schema\/logo\/image\/\"},\"sameAs\":[\"https:\/\/www.facebook.com\/profile.php?id=100055135007306\"]},{\"@type\":\"Person\",\"@id\":\"https:\/\/aemoda.com\/en\/#\/schema\/person\/24b7d684912e523729541c94a08ae16e\",\"name\":\"gestor\",\"image\":{\"@type\":\"ImageObject\",\"inLanguage\":\"en-US\",\"@id\":\"https:\/\/aemoda.com\/en\/#\/schema\/person\/image\/\",\"url\":\"https:\/\/secure.gravatar.com\/avatar\/aa1309c942c4e5f1bd49e72ada90cf604957fe4abac30a61235a580a9e4884f9?s=96&d=mm&r=g\",\"contentUrl\":\"https:\/\/secure.gravatar.com\/avatar\/aa1309c942c4e5f1bd49e72ada90cf604957fe4abac30a61235a580a9e4884f9?s=96&d=mm&r=g\",\"caption\":\"gestor\"},\"sameAs\":[\"https:\/\/aemoda.com\/nueva\"],\"url\":\"https:\/\/aemoda.com\/en\/author\/gestor\/\"}]}<\/script>\n<!-- \/ Yoast SEO plugin. -->","yoast_head_json":{"title":"DOULIVA TASK FORCE RESULTS DISSEMINATION DAY - AEMODA","description":"Next Thursday 6th June at 09:30 the event will take place at CTAEX: DOULIVA TASK FORCE RESULTS DISSEMINATION DAY.","robots":{"index":"index","follow":"follow","max-snippet":"max-snippet:-1","max-image-preview":"max-image-preview:large","max-video-preview":"max-video-preview:-1"},"canonical":"https:\/\/aemoda.com\/en\/douliva-task-force-results-dissemination-day\/","og_locale":"en_US","og_type":"article","og_title":"DOULIVA TASK FORCE RESULTS DISSEMINATION DAY - AEMODA","og_description":"Next Thursday 6th June at 09:30 the event will take place at CTAEX: DOULIVA TASK FORCE RESULTS DISSEMINATION DAY.","og_url":"https:\/\/aemoda.com\/en\/douliva-task-force-results-dissemination-day\/","og_site_name":"AEMODA","article_publisher":"https:\/\/www.facebook.com\/profile.php?id=100055135007306","article_published_time":"2024-06-03T17:14:24+00:00","og_image":[{"width":512,"height":512,"url":"https:\/\/aemoda.com\/wp-content\/uploads\/2023\/04\/cropped-emoticono.jpg","type":"image\/jpeg"}],"author":"gestor","twitter_card":"summary_large_image","twitter_misc":{"Written by":"gestor","Est. reading time":"4 minutes"},"schema":{"@context":"https:\/\/schema.org","@graph":[{"@type":"Article","@id":"https:\/\/aemoda.com\/en\/douliva-task-force-results-dissemination-day\/#article","isPartOf":{"@id":"https:\/\/aemoda.com\/en\/douliva-task-force-results-dissemination-day\/"},"author":{"name":"gestor","@id":"https:\/\/aemoda.com\/en\/#\/schema\/person\/24b7d684912e523729541c94a08ae16e"},"headline":"DOULIVA TASK FORCE RESULTS DISSEMINATION DAY","datePublished":"2024-06-03T17:14:24+00:00","dateModified":"2024-06-03T17:14:24+00:00","mainEntityOfPage":{"@id":"https:\/\/aemoda.com\/en\/douliva-task-force-results-dissemination-day\/"},"wordCount":778,"publisher":{"@id":"https:\/\/aemoda.com\/en\/#organization"},"inLanguage":"en-US"},{"@type":"WebPage","@id":"https:\/\/aemoda.com\/en\/douliva-task-force-results-dissemination-day\/","url":"https:\/\/aemoda.com\/en\/douliva-task-force-results-dissemination-day\/","name":"DOULIVA TASK FORCE RESULTS DISSEMINATION DAY - AEMODA","isPartOf":{"@id":"https:\/\/aemoda.com\/en\/#website"},"datePublished":"2024-06-03T17:14:24+00:00","dateModified":"2024-06-03T17:14:24+00:00","description":"Next Thursday 6th June at 09:30 the event will take place at CTAEX: DOULIVA TASK FORCE RESULTS DISSEMINATION DAY.","breadcrumb":{"@id":"https:\/\/aemoda.com\/en\/douliva-task-force-results-dissemination-day\/#breadcrumb"},"inLanguage":"en-US","potentialAction":[{"@type":"ReadAction","target":["https:\/\/aemoda.com\/en\/douliva-task-force-results-dissemination-day\/"]}]},{"@type":"BreadcrumbList","@id":"https:\/\/aemoda.com\/en\/douliva-task-force-results-dissemination-day\/#breadcrumb","itemListElement":[{"@type":"ListItem","position":1,"name":"Portada","item":"https:\/\/aemoda.com\/en\/home\/"},{"@type":"ListItem","position":2,"name":"DOULIVA TASK FORCE RESULTS DISSEMINATION DAY"}]},{"@type":"WebSite","@id":"https:\/\/aemoda.com\/en\/#website","url":"https:\/\/aemoda.com\/en\/","name":"AEMODA","description":"Asociaci\u00f3n Espa\u00f1ola de Maestros y Operarios de Almazara","publisher":{"@id":"https:\/\/aemoda.com\/en\/#organization"},"alternateName":"Asociaci\u00f3n Espa\u00f1ola de Maestros y Operarios de Almazara","potentialAction":[{"@type":"SearchAction","target":{"@type":"EntryPoint","urlTemplate":"https:\/\/aemoda.com\/en\/?s={search_term_string}"},"query-input":"required name=search_term_string"}],"inLanguage":"en-US"},{"@type":"Organization","@id":"https:\/\/aemoda.com\/en\/#organization","name":"AEMODA, Asociaci\u00f3n Espa\u00f1ola de Maestros y Operarios de Almazara","alternateName":"Asociaci\u00f3n Espa\u00f1ola de Maestros y Operarios de Almazara","url":"https:\/\/aemoda.com\/en\/","logo":{"@type":"ImageObject","inLanguage":"en-US","@id":"https:\/\/aemoda.com\/en\/#\/schema\/logo\/image\/","url":"https:\/\/aemoda.com\/wp-content\/uploads\/2023\/04\/logo_3-removebg-preview.png","contentUrl":"https:\/\/aemoda.com\/wp-content\/uploads\/2023\/04\/logo_3-removebg-preview.png","width":816,"height":306,"caption":"AEMODA, Asociaci\u00f3n Espa\u00f1ola de Maestros y Operarios de Almazara"},"image":{"@id":"https:\/\/aemoda.com\/en\/#\/schema\/logo\/image\/"},"sameAs":["https:\/\/www.facebook.com\/profile.php?id=100055135007306"]},{"@type":"Person","@id":"https:\/\/aemoda.com\/en\/#\/schema\/person\/24b7d684912e523729541c94a08ae16e","name":"gestor","image":{"@type":"ImageObject","inLanguage":"en-US","@id":"https:\/\/aemoda.com\/en\/#\/schema\/person\/image\/","url":"https:\/\/secure.gravatar.com\/avatar\/aa1309c942c4e5f1bd49e72ada90cf604957fe4abac30a61235a580a9e4884f9?s=96&d=mm&r=g","contentUrl":"https:\/\/secure.gravatar.com\/avatar\/aa1309c942c4e5f1bd49e72ada90cf604957fe4abac30a61235a580a9e4884f9?s=96&d=mm&r=g","caption":"gestor"},"sameAs":["https:\/\/aemoda.com\/nueva"],"url":"https:\/\/aemoda.com\/en\/author\/gestor\/"}]}},"_links":{"self":[{"href":"https:\/\/aemoda.com\/en\/wp-json\/wp\/v2\/posts\/3414","targetHints":{"allow":["GET"]}}],"collection":[{"href":"https:\/\/aemoda.com\/en\/wp-json\/wp\/v2\/posts"}],"about":[{"href":"https:\/\/aemoda.com\/en\/wp-json\/wp\/v2\/types\/post"}],"author":[{"embeddable":true,"href":"https:\/\/aemoda.com\/en\/wp-json\/wp\/v2\/users\/1"}],"replies":[{"embeddable":true,"href":"https:\/\/aemoda.com\/en\/wp-json\/wp\/v2\/comments?post=3414"}],"version-history":[{"count":0,"href":"https:\/\/aemoda.com\/en\/wp-json\/wp\/v2\/posts\/3414\/revisions"}],"wp:attachment":[{"href":"https:\/\/aemoda.com\/en\/wp-json\/wp\/v2\/media?parent=3414"}],"wp:term":[{"taxonomy":"category","embeddable":true,"href":"https:\/\/aemoda.com\/en\/wp-json\/wp\/v2\/categories?post=3414"},{"taxonomy":"post_tag","embeddable":true,"href":"https:\/\/aemoda.com\/en\/wp-json\/wp\/v2\/tags?post=3414"}],"curies":[{"name":"wp","href":"https:\/\/api.w.org\/{rel}","templated":true}]}}