{"id":3492,"date":"2024-08-22T18:37:27","date_gmt":"2024-08-22T18:37:27","guid":{"rendered":"https:\/\/aemoda.com\/announcement-for-members-ordinary-general-assembly-2024\/"},"modified":"2024-08-22T18:37:27","modified_gmt":"2024-08-22T18:37:27","slug":"announcement-for-members-ordinary-general-assembly-2024","status":"publish","type":"post","link":"https:\/\/aemoda.com\/en\/announcement-for-members-ordinary-general-assembly-2024\/","title":{"rendered":"Announcement for members. Ordinary General Assembly 2024"},"content":{"rendered":"<p>At the meeting held by the Board of Directors on 5 August, it was agreed to convene the Ordinary General Assembly for 12 September 2024, at 5 p.m. on first call, and at 5.30 p.m. on second call, at the Hospital de Santiago de \u00dabeda (Sala Julio Corzo), after the meeting of olive oil mill masters and operators organised by Gea Westfalia AGENDA 1.- Reading and approval of the minutes of the previous session. 2.- Presentation and approval, if applicable, of the accounts for the previous financial year. 3.- Information on the present and future activities of AEMODA. 4.- Requests and questions. It is communicated that in the absence of the necessary majority at the first call, the meeting will be held at the second call, with all resolutions adopted being valid. Given the importance of the matters to be dealt with, attendance&nbsp;and punctuality are requested. Ja\u00e9n 18 August 2024. BOARD OF DIRECTORS.       <\/p>\n","protected":false},"excerpt":{"rendered":"<p>At the meeting held by the Board of Directors on 5 August, it was agreed to convene the Ordinary General Assembly for 12 September 2024, at 5 p.m. on first call, and at 5.30 p.m. on second call, at the Hospital de Santiago de \u00dabeda (Sala Julio Corzo), after the meeting of olive oil mill [&hellip;]<\/p>\n","protected":false},"author":1,"featured_media":3490,"comment_status":"closed","ping_status":"closed","sticky":false,"template":"","format":"standard","meta":{"_et_pb_use_builder":"","_et_pb_old_content":"","_et_gb_content_width":"","ngg_post_thumbnail":0,"footnotes":""},"categories":[],"tags":[],"class_list":["post-3492","post","type-post","status-publish","format-standard","has-post-thumbnail","hentry"],"yoast_head":"<!-- This site is optimized with the Yoast SEO plugin v23.1 - https:\/\/yoast.com\/wordpress\/plugins\/seo\/ -->\n<title>Announcement for members. Ordinary General Assembly 2024 - AEMODA<\/title>\n<meta name=\"robots\" content=\"index, follow, max-snippet:-1, max-image-preview:large, max-video-preview:-1\" \/>\n<link rel=\"canonical\" href=\"https:\/\/aemoda.com\/en\/announcement-for-members-ordinary-general-assembly-2024\/\" \/>\n<meta property=\"og:locale\" content=\"en_US\" \/>\n<meta property=\"og:type\" content=\"article\" \/>\n<meta property=\"og:title\" content=\"Announcement for members. Ordinary General Assembly 2024 - AEMODA\" \/>\n<meta property=\"og:description\" content=\"At the meeting held by the Board of Directors on 5 August, it was agreed to convene the Ordinary General Assembly for 12 September 2024, at 5 p.m. on first call, and at 5.30 p.m. on second call, at the Hospital de Santiago de \u00dabeda (Sala Julio Corzo), after the meeting of olive oil mill [&hellip;]\" \/>\n<meta property=\"og:url\" content=\"https:\/\/aemoda.com\/en\/announcement-for-members-ordinary-general-assembly-2024\/\" \/>\n<meta property=\"og:site_name\" content=\"AEMODA\" \/>\n<meta property=\"article:publisher\" content=\"https:\/\/www.facebook.com\/profile.php?id=100055135007306\" \/>\n<meta property=\"article:published_time\" content=\"2024-08-22T18:37:27+00:00\" \/>\n<meta property=\"og:image\" content=\"https:\/\/aemoda.com\/wp-content\/uploads\/2024\/08\/asamblea.jpg\" \/>\n\t<meta property=\"og:image:width\" content=\"626\" \/>\n\t<meta property=\"og:image:height\" content=\"417\" \/>\n\t<meta property=\"og:image:type\" content=\"image\/jpeg\" \/>\n<meta name=\"author\" content=\"gestor\" \/>\n<meta name=\"twitter:card\" content=\"summary_large_image\" \/>\n<meta name=\"twitter:label1\" content=\"Written by\" \/>\n\t<meta name=\"twitter:data1\" content=\"gestor\" \/>\n\t<meta name=\"twitter:label2\" content=\"Est. reading time\" \/>\n\t<meta name=\"twitter:data2\" content=\"1 minute\" \/>\n<script type=\"application\/ld+json\" class=\"yoast-schema-graph\">{\"@context\":\"https:\/\/schema.org\",\"@graph\":[{\"@type\":\"Article\",\"@id\":\"https:\/\/aemoda.com\/en\/announcement-for-members-ordinary-general-assembly-2024\/#article\",\"isPartOf\":{\"@id\":\"https:\/\/aemoda.com\/en\/announcement-for-members-ordinary-general-assembly-2024\/\"},\"author\":{\"name\":\"gestor\",\"@id\":\"https:\/\/aemoda.com\/en\/#\/schema\/person\/24b7d684912e523729541c94a08ae16e\"},\"headline\":\"Announcement for members. Ordinary General Assembly 2024\",\"datePublished\":\"2024-08-22T18:37:27+00:00\",\"dateModified\":\"2024-08-22T18:37:27+00:00\",\"mainEntityOfPage\":{\"@id\":\"https:\/\/aemoda.com\/en\/announcement-for-members-ordinary-general-assembly-2024\/\"},\"wordCount\":157,\"publisher\":{\"@id\":\"https:\/\/aemoda.com\/en\/#organization\"},\"image\":{\"@id\":\"https:\/\/aemoda.com\/en\/announcement-for-members-ordinary-general-assembly-2024\/#primaryimage\"},\"thumbnailUrl\":\"https:\/\/aemoda.com\/wp-content\/uploads\/2024\/08\/asamblea.jpg\",\"inLanguage\":\"en-US\"},{\"@type\":\"WebPage\",\"@id\":\"https:\/\/aemoda.com\/en\/announcement-for-members-ordinary-general-assembly-2024\/\",\"url\":\"https:\/\/aemoda.com\/en\/announcement-for-members-ordinary-general-assembly-2024\/\",\"name\":\"Announcement for members. Ordinary General Assembly 2024 - AEMODA\",\"isPartOf\":{\"@id\":\"https:\/\/aemoda.com\/en\/#website\"},\"primaryImageOfPage\":{\"@id\":\"https:\/\/aemoda.com\/en\/announcement-for-members-ordinary-general-assembly-2024\/#primaryimage\"},\"image\":{\"@id\":\"https:\/\/aemoda.com\/en\/announcement-for-members-ordinary-general-assembly-2024\/#primaryimage\"},\"thumbnailUrl\":\"https:\/\/aemoda.com\/wp-content\/uploads\/2024\/08\/asamblea.jpg\",\"datePublished\":\"2024-08-22T18:37:27+00:00\",\"dateModified\":\"2024-08-22T18:37:27+00:00\",\"breadcrumb\":{\"@id\":\"https:\/\/aemoda.com\/en\/announcement-for-members-ordinary-general-assembly-2024\/#breadcrumb\"},\"inLanguage\":\"en-US\",\"potentialAction\":[{\"@type\":\"ReadAction\",\"target\":[\"https:\/\/aemoda.com\/en\/announcement-for-members-ordinary-general-assembly-2024\/\"]}]},{\"@type\":\"ImageObject\",\"inLanguage\":\"en-US\",\"@id\":\"https:\/\/aemoda.com\/en\/announcement-for-members-ordinary-general-assembly-2024\/#primaryimage\",\"url\":\"https:\/\/aemoda.com\/wp-content\/uploads\/2024\/08\/asamblea.jpg\",\"contentUrl\":\"https:\/\/aemoda.com\/wp-content\/uploads\/2024\/08\/asamblea.jpg\",\"width\":626,\"height\":417},{\"@type\":\"BreadcrumbList\",\"@id\":\"https:\/\/aemoda.com\/en\/announcement-for-members-ordinary-general-assembly-2024\/#breadcrumb\",\"itemListElement\":[{\"@type\":\"ListItem\",\"position\":1,\"name\":\"Portada\",\"item\":\"https:\/\/aemoda.com\/en\/home\/\"},{\"@type\":\"ListItem\",\"position\":2,\"name\":\"Announcement for members. Ordinary General Assembly 2024\"}]},{\"@type\":\"WebSite\",\"@id\":\"https:\/\/aemoda.com\/en\/#website\",\"url\":\"https:\/\/aemoda.com\/en\/\",\"name\":\"AEMODA\",\"description\":\"Asociaci\u00f3n Espa\u00f1ola de Maestros y Operarios de Almazara\",\"publisher\":{\"@id\":\"https:\/\/aemoda.com\/en\/#organization\"},\"alternateName\":\"Asociaci\u00f3n Espa\u00f1ola de Maestros y Operarios de Almazara\",\"potentialAction\":[{\"@type\":\"SearchAction\",\"target\":{\"@type\":\"EntryPoint\",\"urlTemplate\":\"https:\/\/aemoda.com\/en\/?s={search_term_string}\"},\"query-input\":\"required name=search_term_string\"}],\"inLanguage\":\"en-US\"},{\"@type\":\"Organization\",\"@id\":\"https:\/\/aemoda.com\/en\/#organization\",\"name\":\"AEMODA, Asociaci\u00f3n Espa\u00f1ola de Maestros y Operarios de Almazara\",\"alternateName\":\"Asociaci\u00f3n Espa\u00f1ola de Maestros y Operarios de Almazara\",\"url\":\"https:\/\/aemoda.com\/en\/\",\"logo\":{\"@type\":\"ImageObject\",\"inLanguage\":\"en-US\",\"@id\":\"https:\/\/aemoda.com\/en\/#\/schema\/logo\/image\/\",\"url\":\"https:\/\/aemoda.com\/wp-content\/uploads\/2023\/04\/logo_3-removebg-preview.png\",\"contentUrl\":\"https:\/\/aemoda.com\/wp-content\/uploads\/2023\/04\/logo_3-removebg-preview.png\",\"width\":816,\"height\":306,\"caption\":\"AEMODA, Asociaci\u00f3n Espa\u00f1ola de Maestros y Operarios de Almazara\"},\"image\":{\"@id\":\"https:\/\/aemoda.com\/en\/#\/schema\/logo\/image\/\"},\"sameAs\":[\"https:\/\/www.facebook.com\/profile.php?id=100055135007306\"]},{\"@type\":\"Person\",\"@id\":\"https:\/\/aemoda.com\/en\/#\/schema\/person\/24b7d684912e523729541c94a08ae16e\",\"name\":\"gestor\",\"image\":{\"@type\":\"ImageObject\",\"inLanguage\":\"en-US\",\"@id\":\"https:\/\/aemoda.com\/en\/#\/schema\/person\/image\/\",\"url\":\"https:\/\/secure.gravatar.com\/avatar\/aa1309c942c4e5f1bd49e72ada90cf604957fe4abac30a61235a580a9e4884f9?s=96&d=mm&r=g\",\"contentUrl\":\"https:\/\/secure.gravatar.com\/avatar\/aa1309c942c4e5f1bd49e72ada90cf604957fe4abac30a61235a580a9e4884f9?s=96&d=mm&r=g\",\"caption\":\"gestor\"},\"sameAs\":[\"https:\/\/aemoda.com\/nueva\"],\"url\":\"https:\/\/aemoda.com\/en\/author\/gestor\/\"}]}<\/script>\n<!-- \/ Yoast SEO plugin. -->","yoast_head_json":{"title":"Announcement for members. Ordinary General Assembly 2024 - AEMODA","robots":{"index":"index","follow":"follow","max-snippet":"max-snippet:-1","max-image-preview":"max-image-preview:large","max-video-preview":"max-video-preview:-1"},"canonical":"https:\/\/aemoda.com\/en\/announcement-for-members-ordinary-general-assembly-2024\/","og_locale":"en_US","og_type":"article","og_title":"Announcement for members. Ordinary General Assembly 2024 - AEMODA","og_description":"At the meeting held by the Board of Directors on 5 August, it was agreed to convene the Ordinary General Assembly for 12 September 2024, at 5 p.m. on first call, and at 5.30 p.m. on second call, at the Hospital de Santiago de \u00dabeda (Sala Julio Corzo), after the meeting of olive oil mill [&hellip;]","og_url":"https:\/\/aemoda.com\/en\/announcement-for-members-ordinary-general-assembly-2024\/","og_site_name":"AEMODA","article_publisher":"https:\/\/www.facebook.com\/profile.php?id=100055135007306","article_published_time":"2024-08-22T18:37:27+00:00","og_image":[{"width":626,"height":417,"url":"https:\/\/aemoda.com\/wp-content\/uploads\/2024\/08\/asamblea.jpg","type":"image\/jpeg"}],"author":"gestor","twitter_card":"summary_large_image","twitter_misc":{"Written by":"gestor","Est. reading time":"1 minute"},"schema":{"@context":"https:\/\/schema.org","@graph":[{"@type":"Article","@id":"https:\/\/aemoda.com\/en\/announcement-for-members-ordinary-general-assembly-2024\/#article","isPartOf":{"@id":"https:\/\/aemoda.com\/en\/announcement-for-members-ordinary-general-assembly-2024\/"},"author":{"name":"gestor","@id":"https:\/\/aemoda.com\/en\/#\/schema\/person\/24b7d684912e523729541c94a08ae16e"},"headline":"Announcement for members. Ordinary General Assembly 2024","datePublished":"2024-08-22T18:37:27+00:00","dateModified":"2024-08-22T18:37:27+00:00","mainEntityOfPage":{"@id":"https:\/\/aemoda.com\/en\/announcement-for-members-ordinary-general-assembly-2024\/"},"wordCount":157,"publisher":{"@id":"https:\/\/aemoda.com\/en\/#organization"},"image":{"@id":"https:\/\/aemoda.com\/en\/announcement-for-members-ordinary-general-assembly-2024\/#primaryimage"},"thumbnailUrl":"https:\/\/aemoda.com\/wp-content\/uploads\/2024\/08\/asamblea.jpg","inLanguage":"en-US"},{"@type":"WebPage","@id":"https:\/\/aemoda.com\/en\/announcement-for-members-ordinary-general-assembly-2024\/","url":"https:\/\/aemoda.com\/en\/announcement-for-members-ordinary-general-assembly-2024\/","name":"Announcement for members. Ordinary General Assembly 2024 - AEMODA","isPartOf":{"@id":"https:\/\/aemoda.com\/en\/#website"},"primaryImageOfPage":{"@id":"https:\/\/aemoda.com\/en\/announcement-for-members-ordinary-general-assembly-2024\/#primaryimage"},"image":{"@id":"https:\/\/aemoda.com\/en\/announcement-for-members-ordinary-general-assembly-2024\/#primaryimage"},"thumbnailUrl":"https:\/\/aemoda.com\/wp-content\/uploads\/2024\/08\/asamblea.jpg","datePublished":"2024-08-22T18:37:27+00:00","dateModified":"2024-08-22T18:37:27+00:00","breadcrumb":{"@id":"https:\/\/aemoda.com\/en\/announcement-for-members-ordinary-general-assembly-2024\/#breadcrumb"},"inLanguage":"en-US","potentialAction":[{"@type":"ReadAction","target":["https:\/\/aemoda.com\/en\/announcement-for-members-ordinary-general-assembly-2024\/"]}]},{"@type":"ImageObject","inLanguage":"en-US","@id":"https:\/\/aemoda.com\/en\/announcement-for-members-ordinary-general-assembly-2024\/#primaryimage","url":"https:\/\/aemoda.com\/wp-content\/uploads\/2024\/08\/asamblea.jpg","contentUrl":"https:\/\/aemoda.com\/wp-content\/uploads\/2024\/08\/asamblea.jpg","width":626,"height":417},{"@type":"BreadcrumbList","@id":"https:\/\/aemoda.com\/en\/announcement-for-members-ordinary-general-assembly-2024\/#breadcrumb","itemListElement":[{"@type":"ListItem","position":1,"name":"Portada","item":"https:\/\/aemoda.com\/en\/home\/"},{"@type":"ListItem","position":2,"name":"Announcement for members. Ordinary General Assembly 2024"}]},{"@type":"WebSite","@id":"https:\/\/aemoda.com\/en\/#website","url":"https:\/\/aemoda.com\/en\/","name":"AEMODA","description":"Asociaci\u00f3n Espa\u00f1ola de Maestros y Operarios de Almazara","publisher":{"@id":"https:\/\/aemoda.com\/en\/#organization"},"alternateName":"Asociaci\u00f3n Espa\u00f1ola de Maestros y Operarios de Almazara","potentialAction":[{"@type":"SearchAction","target":{"@type":"EntryPoint","urlTemplate":"https:\/\/aemoda.com\/en\/?s={search_term_string}"},"query-input":"required name=search_term_string"}],"inLanguage":"en-US"},{"@type":"Organization","@id":"https:\/\/aemoda.com\/en\/#organization","name":"AEMODA, Asociaci\u00f3n Espa\u00f1ola de Maestros y Operarios de Almazara","alternateName":"Asociaci\u00f3n Espa\u00f1ola de Maestros y Operarios de Almazara","url":"https:\/\/aemoda.com\/en\/","logo":{"@type":"ImageObject","inLanguage":"en-US","@id":"https:\/\/aemoda.com\/en\/#\/schema\/logo\/image\/","url":"https:\/\/aemoda.com\/wp-content\/uploads\/2023\/04\/logo_3-removebg-preview.png","contentUrl":"https:\/\/aemoda.com\/wp-content\/uploads\/2023\/04\/logo_3-removebg-preview.png","width":816,"height":306,"caption":"AEMODA, Asociaci\u00f3n Espa\u00f1ola de Maestros y Operarios de Almazara"},"image":{"@id":"https:\/\/aemoda.com\/en\/#\/schema\/logo\/image\/"},"sameAs":["https:\/\/www.facebook.com\/profile.php?id=100055135007306"]},{"@type":"Person","@id":"https:\/\/aemoda.com\/en\/#\/schema\/person\/24b7d684912e523729541c94a08ae16e","name":"gestor","image":{"@type":"ImageObject","inLanguage":"en-US","@id":"https:\/\/aemoda.com\/en\/#\/schema\/person\/image\/","url":"https:\/\/secure.gravatar.com\/avatar\/aa1309c942c4e5f1bd49e72ada90cf604957fe4abac30a61235a580a9e4884f9?s=96&d=mm&r=g","contentUrl":"https:\/\/secure.gravatar.com\/avatar\/aa1309c942c4e5f1bd49e72ada90cf604957fe4abac30a61235a580a9e4884f9?s=96&d=mm&r=g","caption":"gestor"},"sameAs":["https:\/\/aemoda.com\/nueva"],"url":"https:\/\/aemoda.com\/en\/author\/gestor\/"}]}},"_links":{"self":[{"href":"https:\/\/aemoda.com\/en\/wp-json\/wp\/v2\/posts\/3492","targetHints":{"allow":["GET"]}}],"collection":[{"href":"https:\/\/aemoda.com\/en\/wp-json\/wp\/v2\/posts"}],"about":[{"href":"https:\/\/aemoda.com\/en\/wp-json\/wp\/v2\/types\/post"}],"author":[{"embeddable":true,"href":"https:\/\/aemoda.com\/en\/wp-json\/wp\/v2\/users\/1"}],"replies":[{"embeddable":true,"href":"https:\/\/aemoda.com\/en\/wp-json\/wp\/v2\/comments?post=3492"}],"version-history":[{"count":0,"href":"https:\/\/aemoda.com\/en\/wp-json\/wp\/v2\/posts\/3492\/revisions"}],"wp:featuredmedia":[{"embeddable":true,"href":"https:\/\/aemoda.com\/en\/wp-json\/wp\/v2\/media\/3490"}],"wp:attachment":[{"href":"https:\/\/aemoda.com\/en\/wp-json\/wp\/v2\/media?parent=3492"}],"wp:term":[{"taxonomy":"category","embeddable":true,"href":"https:\/\/aemoda.com\/en\/wp-json\/wp\/v2\/categories?post=3492"},{"taxonomy":"post_tag","embeddable":true,"href":"https:\/\/aemoda.com\/en\/wp-json\/wp\/v2\/tags?post=3492"}],"curies":[{"name":"wp","href":"https:\/\/api.w.org\/{rel}","templated":true}]}}