{"id":3683,"date":"2025-05-15T07:41:54","date_gmt":"2025-05-15T07:41:54","guid":{"rendered":"https:\/\/aemoda.com\/aemoda-presents-its-2025-awards-at-expoliva-and-presents-its-2026-national-congress\/"},"modified":"2025-05-15T07:41:54","modified_gmt":"2025-05-15T07:41:54","slug":"aemoda-presents-its-2025-awards-at-expoliva-and-presents-its-2026-national-congress","status":"publish","type":"post","link":"https:\/\/aemoda.com\/en\/aemoda-presents-its-2025-awards-at-expoliva-and-presents-its-2026-national-congress\/","title":{"rendered":"AEMODA presents its 2025 Awards at Expoliva and presents its 2026 National Congress"},"content":{"rendered":"<p>As part of the Expoliva international fair, the Spanish Association of Olive Oil Mill Masters and &nbsp; Operators (AEMODA) is organising an event at which it will present its 2025 &nbsp;Awards. The ceremony, which will be attended by the Provincial Councillor Jos\u00e9 Luis Hidalgo Garc\u00eda, will highlight the commitment, dedication and innovation of the&nbsp; professionals who contribute to the quality and sustainability of the olive oil industry. <\/p>\n<p>This year&#8217;s award winners are:<\/p>\n<p>1st Recognition: Mr. Juan Jos\u00e9 Gaforio Mart\u00ednez. Immunologist and professor in the &nbsp;Department of Health Sciences at the University of Ja\u00e9n (IDA), recognised for his research and dissemination work in the field of health and immunology. <\/p>\n<p>2nd Recognition: Mr. Jos\u00e9 Vico. Agricultural Engineer, Qualified Technician in Integrated Production&nbsp; in Olive Oil Mills, Qualified Technician in Integrated Production in Olive groves&nbsp; and Internal Quality Auditor ISO 9001-2000. His main work focuses on making olive oil mills &nbsp;more efficient and profitable so that&nbsp; they can produce high quality oils.  <\/p>\n<p>3rd Recognition: (Posthumously). Mr. Vicente Serrano L\u00f3pez. Psychologist, due to circumstances &nbsp;he began his working career as a yard and oil mill operator in the Sociedad &nbsp;Cooperativa Andaluza Agraria San Jos\u00e9 de Mancha Real, where he became &nbsp;Quality Manager.  <\/p>\n<p>During the event, the sixth edition of the National Congress of Olive Oil Mill Masters and Operators will also be presented, which will take place on 18 April 2026 at the Hospital de Santiago, located in &lt;\u00dabeda(Ja\u00e9n). This meeting is shaping up to be a benchmark platform for debate and training, with keynote speeches, round tables and the latest developments in the industry. <\/p>\n<p>With this initiative, AEMODA reaffirms its role as a promoter of technical knowledge and the evolution of the sector, consolidating its support for the professionals who make it possible for olive oil to continue to be a standard of quality worldwide.<\/p>\n","protected":false},"excerpt":{"rendered":"<p>As part of the Expoliva international fair, the Spanish Association of Olive Oil Mill Masters and &nbsp; Operators (AEMODA) is organising an event at which it will present its 2025 &nbsp;Awards. The ceremony, which will be attended by the Provincial Councillor Jos\u00e9 Luis Hidalgo Garc\u00eda, will highlight the commitment, dedication and innovation of the&nbsp; professionals [&hellip;]<\/p>\n","protected":false},"author":1,"featured_media":3681,"comment_status":"closed","ping_status":"closed","sticky":false,"template":"","format":"standard","meta":{"_et_pb_use_builder":"","_et_pb_old_content":"","_et_gb_content_width":"","ngg_post_thumbnail":0,"footnotes":""},"categories":[30],"tags":[],"class_list":["post-3683","post","type-post","status-publish","format-standard","has-post-thumbnail","hentry","category-news"],"yoast_head":"<!-- This site is optimized with the Yoast SEO plugin v23.1 - https:\/\/yoast.com\/wordpress\/plugins\/seo\/ -->\n<title>AEMODA presents its 2025 Awards at Expoliva and presents its 2026 National Congress - AEMODA<\/title>\n<meta name=\"description\" content=\"AEMODA presents the 2025 Awards at Expoliva and presents the National Congress of Olive Oil Mill Masters and Operators scheduled for 2026.\" \/>\n<meta name=\"robots\" content=\"index, follow, max-snippet:-1, max-image-preview:large, max-video-preview:-1\" \/>\n<link rel=\"canonical\" href=\"https:\/\/aemoda.com\/en\/aemoda-presents-its-2025-awards-at-expoliva-and-presents-its-2026-national-congress\/\" \/>\n<meta property=\"og:locale\" content=\"en_US\" \/>\n<meta property=\"og:type\" content=\"article\" \/>\n<meta property=\"og:title\" content=\"AEMODA presents its 2025 Awards at Expoliva and presents its 2026 National Congress - AEMODA\" \/>\n<meta property=\"og:description\" content=\"AEMODA presents the 2025 Awards at Expoliva and presents the National Congress of Olive Oil Mill Masters and Operators scheduled for 2026.\" \/>\n<meta property=\"og:url\" content=\"https:\/\/aemoda.com\/en\/aemoda-presents-its-2025-awards-at-expoliva-and-presents-its-2026-national-congress\/\" \/>\n<meta property=\"og:site_name\" content=\"AEMODA\" \/>\n<meta property=\"article:publisher\" content=\"https:\/\/www.facebook.com\/profile.php?id=100055135007306\" \/>\n<meta property=\"article:published_time\" content=\"2025-05-15T07:41:54+00:00\" \/>\n<meta property=\"og:image\" content=\"https:\/\/aemoda.com\/wp-content\/uploads\/2025\/05\/photo_5845843179172121150_y.jpg\" \/>\n\t<meta property=\"og:image:width\" content=\"1280\" \/>\n\t<meta property=\"og:image:height\" content=\"960\" \/>\n\t<meta property=\"og:image:type\" content=\"image\/jpeg\" \/>\n<meta name=\"author\" content=\"gestor\" \/>\n<meta name=\"twitter:card\" content=\"summary_large_image\" \/>\n<meta name=\"twitter:label1\" content=\"Written by\" \/>\n\t<meta name=\"twitter:data1\" content=\"gestor\" \/>\n\t<meta name=\"twitter:label2\" content=\"Est. reading time\" \/>\n\t<meta name=\"twitter:data2\" content=\"2 minutes\" \/>\n<script type=\"application\/ld+json\" class=\"yoast-schema-graph\">{\"@context\":\"https:\/\/schema.org\",\"@graph\":[{\"@type\":\"Article\",\"@id\":\"https:\/\/aemoda.com\/en\/aemoda-presents-its-2025-awards-at-expoliva-and-presents-its-2026-national-congress\/#article\",\"isPartOf\":{\"@id\":\"https:\/\/aemoda.com\/en\/aemoda-presents-its-2025-awards-at-expoliva-and-presents-its-2026-national-congress\/\"},\"author\":{\"name\":\"gestor\",\"@id\":\"https:\/\/aemoda.com\/en\/#\/schema\/person\/24b7d684912e523729541c94a08ae16e\"},\"headline\":\"AEMODA presents its 2025 Awards at Expoliva and presents its 2026 National Congress\",\"datePublished\":\"2025-05-15T07:41:54+00:00\",\"dateModified\":\"2025-05-15T07:41:54+00:00\",\"mainEntityOfPage\":{\"@id\":\"https:\/\/aemoda.com\/en\/aemoda-presents-its-2025-awards-at-expoliva-and-presents-its-2026-national-congress\/\"},\"wordCount\":328,\"publisher\":{\"@id\":\"https:\/\/aemoda.com\/en\/#organization\"},\"image\":{\"@id\":\"https:\/\/aemoda.com\/en\/aemoda-presents-its-2025-awards-at-expoliva-and-presents-its-2026-national-congress\/#primaryimage\"},\"thumbnailUrl\":\"https:\/\/aemoda.com\/wp-content\/uploads\/2025\/05\/photo_5845843179172121150_y.jpg\",\"articleSection\":[\"News\"],\"inLanguage\":\"en-US\"},{\"@type\":\"WebPage\",\"@id\":\"https:\/\/aemoda.com\/en\/aemoda-presents-its-2025-awards-at-expoliva-and-presents-its-2026-national-congress\/\",\"url\":\"https:\/\/aemoda.com\/en\/aemoda-presents-its-2025-awards-at-expoliva-and-presents-its-2026-national-congress\/\",\"name\":\"AEMODA presents its 2025 Awards at Expoliva and presents its 2026 National Congress - AEMODA\",\"isPartOf\":{\"@id\":\"https:\/\/aemoda.com\/en\/#website\"},\"primaryImageOfPage\":{\"@id\":\"https:\/\/aemoda.com\/en\/aemoda-presents-its-2025-awards-at-expoliva-and-presents-its-2026-national-congress\/#primaryimage\"},\"image\":{\"@id\":\"https:\/\/aemoda.com\/en\/aemoda-presents-its-2025-awards-at-expoliva-and-presents-its-2026-national-congress\/#primaryimage\"},\"thumbnailUrl\":\"https:\/\/aemoda.com\/wp-content\/uploads\/2025\/05\/photo_5845843179172121150_y.jpg\",\"datePublished\":\"2025-05-15T07:41:54+00:00\",\"dateModified\":\"2025-05-15T07:41:54+00:00\",\"description\":\"AEMODA presents the 2025 Awards at Expoliva and presents the National Congress of Olive Oil Mill Masters and Operators scheduled for 2026.\",\"breadcrumb\":{\"@id\":\"https:\/\/aemoda.com\/en\/aemoda-presents-its-2025-awards-at-expoliva-and-presents-its-2026-national-congress\/#breadcrumb\"},\"inLanguage\":\"en-US\",\"potentialAction\":[{\"@type\":\"ReadAction\",\"target\":[\"https:\/\/aemoda.com\/en\/aemoda-presents-its-2025-awards-at-expoliva-and-presents-its-2026-national-congress\/\"]}]},{\"@type\":\"ImageObject\",\"inLanguage\":\"en-US\",\"@id\":\"https:\/\/aemoda.com\/en\/aemoda-presents-its-2025-awards-at-expoliva-and-presents-its-2026-national-congress\/#primaryimage\",\"url\":\"https:\/\/aemoda.com\/wp-content\/uploads\/2025\/05\/photo_5845843179172121150_y.jpg\",\"contentUrl\":\"https:\/\/aemoda.com\/wp-content\/uploads\/2025\/05\/photo_5845843179172121150_y.jpg\",\"width\":1280,\"height\":960},{\"@type\":\"BreadcrumbList\",\"@id\":\"https:\/\/aemoda.com\/en\/aemoda-presents-its-2025-awards-at-expoliva-and-presents-its-2026-national-congress\/#breadcrumb\",\"itemListElement\":[{\"@type\":\"ListItem\",\"position\":1,\"name\":\"Portada\",\"item\":\"https:\/\/aemoda.com\/en\/home\/\"},{\"@type\":\"ListItem\",\"position\":2,\"name\":\"AEMODA presents its 2025 Awards at Expoliva and presents its 2026 National Congress\"}]},{\"@type\":\"WebSite\",\"@id\":\"https:\/\/aemoda.com\/en\/#website\",\"url\":\"https:\/\/aemoda.com\/en\/\",\"name\":\"AEMODA\",\"description\":\"Asociaci\u00f3n Espa\u00f1ola de Maestros y Operarios de Almazara\",\"publisher\":{\"@id\":\"https:\/\/aemoda.com\/en\/#organization\"},\"alternateName\":\"Asociaci\u00f3n Espa\u00f1ola de Maestros y Operarios de Almazara\",\"potentialAction\":[{\"@type\":\"SearchAction\",\"target\":{\"@type\":\"EntryPoint\",\"urlTemplate\":\"https:\/\/aemoda.com\/en\/?s={search_term_string}\"},\"query-input\":\"required name=search_term_string\"}],\"inLanguage\":\"en-US\"},{\"@type\":\"Organization\",\"@id\":\"https:\/\/aemoda.com\/en\/#organization\",\"name\":\"AEMODA, Asociaci\u00f3n Espa\u00f1ola de Maestros y Operarios de Almazara\",\"alternateName\":\"Asociaci\u00f3n Espa\u00f1ola de Maestros y Operarios de Almazara\",\"url\":\"https:\/\/aemoda.com\/en\/\",\"logo\":{\"@type\":\"ImageObject\",\"inLanguage\":\"en-US\",\"@id\":\"https:\/\/aemoda.com\/en\/#\/schema\/logo\/image\/\",\"url\":\"https:\/\/aemoda.com\/wp-content\/uploads\/2023\/04\/logo_3-removebg-preview.png\",\"contentUrl\":\"https:\/\/aemoda.com\/wp-content\/uploads\/2023\/04\/logo_3-removebg-preview.png\",\"width\":816,\"height\":306,\"caption\":\"AEMODA, Asociaci\u00f3n Espa\u00f1ola de Maestros y Operarios de Almazara\"},\"image\":{\"@id\":\"https:\/\/aemoda.com\/en\/#\/schema\/logo\/image\/\"},\"sameAs\":[\"https:\/\/www.facebook.com\/profile.php?id=100055135007306\"]},{\"@type\":\"Person\",\"@id\":\"https:\/\/aemoda.com\/en\/#\/schema\/person\/24b7d684912e523729541c94a08ae16e\",\"name\":\"gestor\",\"image\":{\"@type\":\"ImageObject\",\"inLanguage\":\"en-US\",\"@id\":\"https:\/\/aemoda.com\/en\/#\/schema\/person\/image\/\",\"url\":\"https:\/\/secure.gravatar.com\/avatar\/aa1309c942c4e5f1bd49e72ada90cf604957fe4abac30a61235a580a9e4884f9?s=96&d=mm&r=g\",\"contentUrl\":\"https:\/\/secure.gravatar.com\/avatar\/aa1309c942c4e5f1bd49e72ada90cf604957fe4abac30a61235a580a9e4884f9?s=96&d=mm&r=g\",\"caption\":\"gestor\"},\"sameAs\":[\"https:\/\/aemoda.com\/nueva\"],\"url\":\"https:\/\/aemoda.com\/en\/author\/gestor\/\"}]}<\/script>\n<!-- \/ Yoast SEO plugin. -->","yoast_head_json":{"title":"AEMODA presents its 2025 Awards at Expoliva and presents its 2026 National Congress - AEMODA","description":"AEMODA presents the 2025 Awards at Expoliva and presents the National Congress of Olive Oil Mill Masters and Operators scheduled for 2026.","robots":{"index":"index","follow":"follow","max-snippet":"max-snippet:-1","max-image-preview":"max-image-preview:large","max-video-preview":"max-video-preview:-1"},"canonical":"https:\/\/aemoda.com\/en\/aemoda-presents-its-2025-awards-at-expoliva-and-presents-its-2026-national-congress\/","og_locale":"en_US","og_type":"article","og_title":"AEMODA presents its 2025 Awards at Expoliva and presents its 2026 National Congress - AEMODA","og_description":"AEMODA presents the 2025 Awards at Expoliva and presents the National Congress of Olive Oil Mill Masters and Operators scheduled for 2026.","og_url":"https:\/\/aemoda.com\/en\/aemoda-presents-its-2025-awards-at-expoliva-and-presents-its-2026-national-congress\/","og_site_name":"AEMODA","article_publisher":"https:\/\/www.facebook.com\/profile.php?id=100055135007306","article_published_time":"2025-05-15T07:41:54+00:00","og_image":[{"width":1280,"height":960,"url":"https:\/\/aemoda.com\/wp-content\/uploads\/2025\/05\/photo_5845843179172121150_y.jpg","type":"image\/jpeg"}],"author":"gestor","twitter_card":"summary_large_image","twitter_misc":{"Written by":"gestor","Est. reading time":"2 minutes"},"schema":{"@context":"https:\/\/schema.org","@graph":[{"@type":"Article","@id":"https:\/\/aemoda.com\/en\/aemoda-presents-its-2025-awards-at-expoliva-and-presents-its-2026-national-congress\/#article","isPartOf":{"@id":"https:\/\/aemoda.com\/en\/aemoda-presents-its-2025-awards-at-expoliva-and-presents-its-2026-national-congress\/"},"author":{"name":"gestor","@id":"https:\/\/aemoda.com\/en\/#\/schema\/person\/24b7d684912e523729541c94a08ae16e"},"headline":"AEMODA presents its 2025 Awards at Expoliva and presents its 2026 National Congress","datePublished":"2025-05-15T07:41:54+00:00","dateModified":"2025-05-15T07:41:54+00:00","mainEntityOfPage":{"@id":"https:\/\/aemoda.com\/en\/aemoda-presents-its-2025-awards-at-expoliva-and-presents-its-2026-national-congress\/"},"wordCount":328,"publisher":{"@id":"https:\/\/aemoda.com\/en\/#organization"},"image":{"@id":"https:\/\/aemoda.com\/en\/aemoda-presents-its-2025-awards-at-expoliva-and-presents-its-2026-national-congress\/#primaryimage"},"thumbnailUrl":"https:\/\/aemoda.com\/wp-content\/uploads\/2025\/05\/photo_5845843179172121150_y.jpg","articleSection":["News"],"inLanguage":"en-US"},{"@type":"WebPage","@id":"https:\/\/aemoda.com\/en\/aemoda-presents-its-2025-awards-at-expoliva-and-presents-its-2026-national-congress\/","url":"https:\/\/aemoda.com\/en\/aemoda-presents-its-2025-awards-at-expoliva-and-presents-its-2026-national-congress\/","name":"AEMODA presents its 2025 Awards at Expoliva and presents its 2026 National Congress - AEMODA","isPartOf":{"@id":"https:\/\/aemoda.com\/en\/#website"},"primaryImageOfPage":{"@id":"https:\/\/aemoda.com\/en\/aemoda-presents-its-2025-awards-at-expoliva-and-presents-its-2026-national-congress\/#primaryimage"},"image":{"@id":"https:\/\/aemoda.com\/en\/aemoda-presents-its-2025-awards-at-expoliva-and-presents-its-2026-national-congress\/#primaryimage"},"thumbnailUrl":"https:\/\/aemoda.com\/wp-content\/uploads\/2025\/05\/photo_5845843179172121150_y.jpg","datePublished":"2025-05-15T07:41:54+00:00","dateModified":"2025-05-15T07:41:54+00:00","description":"AEMODA presents the 2025 Awards at Expoliva and presents the National Congress of Olive Oil Mill Masters and Operators scheduled for 2026.","breadcrumb":{"@id":"https:\/\/aemoda.com\/en\/aemoda-presents-its-2025-awards-at-expoliva-and-presents-its-2026-national-congress\/#breadcrumb"},"inLanguage":"en-US","potentialAction":[{"@type":"ReadAction","target":["https:\/\/aemoda.com\/en\/aemoda-presents-its-2025-awards-at-expoliva-and-presents-its-2026-national-congress\/"]}]},{"@type":"ImageObject","inLanguage":"en-US","@id":"https:\/\/aemoda.com\/en\/aemoda-presents-its-2025-awards-at-expoliva-and-presents-its-2026-national-congress\/#primaryimage","url":"https:\/\/aemoda.com\/wp-content\/uploads\/2025\/05\/photo_5845843179172121150_y.jpg","contentUrl":"https:\/\/aemoda.com\/wp-content\/uploads\/2025\/05\/photo_5845843179172121150_y.jpg","width":1280,"height":960},{"@type":"BreadcrumbList","@id":"https:\/\/aemoda.com\/en\/aemoda-presents-its-2025-awards-at-expoliva-and-presents-its-2026-national-congress\/#breadcrumb","itemListElement":[{"@type":"ListItem","position":1,"name":"Portada","item":"https:\/\/aemoda.com\/en\/home\/"},{"@type":"ListItem","position":2,"name":"AEMODA presents its 2025 Awards at Expoliva and presents its 2026 National Congress"}]},{"@type":"WebSite","@id":"https:\/\/aemoda.com\/en\/#website","url":"https:\/\/aemoda.com\/en\/","name":"AEMODA","description":"Asociaci\u00f3n Espa\u00f1ola de Maestros y Operarios de Almazara","publisher":{"@id":"https:\/\/aemoda.com\/en\/#organization"},"alternateName":"Asociaci\u00f3n Espa\u00f1ola de Maestros y Operarios de Almazara","potentialAction":[{"@type":"SearchAction","target":{"@type":"EntryPoint","urlTemplate":"https:\/\/aemoda.com\/en\/?s={search_term_string}"},"query-input":"required name=search_term_string"}],"inLanguage":"en-US"},{"@type":"Organization","@id":"https:\/\/aemoda.com\/en\/#organization","name":"AEMODA, Asociaci\u00f3n Espa\u00f1ola de Maestros y Operarios de Almazara","alternateName":"Asociaci\u00f3n Espa\u00f1ola de Maestros y Operarios de Almazara","url":"https:\/\/aemoda.com\/en\/","logo":{"@type":"ImageObject","inLanguage":"en-US","@id":"https:\/\/aemoda.com\/en\/#\/schema\/logo\/image\/","url":"https:\/\/aemoda.com\/wp-content\/uploads\/2023\/04\/logo_3-removebg-preview.png","contentUrl":"https:\/\/aemoda.com\/wp-content\/uploads\/2023\/04\/logo_3-removebg-preview.png","width":816,"height":306,"caption":"AEMODA, Asociaci\u00f3n Espa\u00f1ola de Maestros y Operarios de Almazara"},"image":{"@id":"https:\/\/aemoda.com\/en\/#\/schema\/logo\/image\/"},"sameAs":["https:\/\/www.facebook.com\/profile.php?id=100055135007306"]},{"@type":"Person","@id":"https:\/\/aemoda.com\/en\/#\/schema\/person\/24b7d684912e523729541c94a08ae16e","name":"gestor","image":{"@type":"ImageObject","inLanguage":"en-US","@id":"https:\/\/aemoda.com\/en\/#\/schema\/person\/image\/","url":"https:\/\/secure.gravatar.com\/avatar\/aa1309c942c4e5f1bd49e72ada90cf604957fe4abac30a61235a580a9e4884f9?s=96&d=mm&r=g","contentUrl":"https:\/\/secure.gravatar.com\/avatar\/aa1309c942c4e5f1bd49e72ada90cf604957fe4abac30a61235a580a9e4884f9?s=96&d=mm&r=g","caption":"gestor"},"sameAs":["https:\/\/aemoda.com\/nueva"],"url":"https:\/\/aemoda.com\/en\/author\/gestor\/"}]}},"_links":{"self":[{"href":"https:\/\/aemoda.com\/en\/wp-json\/wp\/v2\/posts\/3683","targetHints":{"allow":["GET"]}}],"collection":[{"href":"https:\/\/aemoda.com\/en\/wp-json\/wp\/v2\/posts"}],"about":[{"href":"https:\/\/aemoda.com\/en\/wp-json\/wp\/v2\/types\/post"}],"author":[{"embeddable":true,"href":"https:\/\/aemoda.com\/en\/wp-json\/wp\/v2\/users\/1"}],"replies":[{"embeddable":true,"href":"https:\/\/aemoda.com\/en\/wp-json\/wp\/v2\/comments?post=3683"}],"version-history":[{"count":0,"href":"https:\/\/aemoda.com\/en\/wp-json\/wp\/v2\/posts\/3683\/revisions"}],"wp:featuredmedia":[{"embeddable":true,"href":"https:\/\/aemoda.com\/en\/wp-json\/wp\/v2\/media\/3681"}],"wp:attachment":[{"href":"https:\/\/aemoda.com\/en\/wp-json\/wp\/v2\/media?parent=3683"}],"wp:term":[{"taxonomy":"category","embeddable":true,"href":"https:\/\/aemoda.com\/en\/wp-json\/wp\/v2\/categories?post=3683"},{"taxonomy":"post_tag","embeddable":true,"href":"https:\/\/aemoda.com\/en\/wp-json\/wp\/v2\/tags?post=3683"}],"curies":[{"name":"wp","href":"https:\/\/api.w.org\/{rel}","templated":true}]}}