{"id":3823,"date":"2025-09-23T10:40:22","date_gmt":"2025-09-23T10:40:22","guid":{"rendered":"https:\/\/aemoda.com\/aemoda-assembly-2025\/"},"modified":"2025-09-23T10:44:17","modified_gmt":"2025-09-23T10:44:17","slug":"aemoda-assembly-2025","status":"publish","type":"post","link":"https:\/\/aemoda.com\/en\/aemoda-assembly-2025\/","title":{"rendered":"AEMODA Assembly 2025"},"content":{"rendered":"<div dir=\"auto\">On September 20, our association held its regular meeting, where the accounts were approved and the new projects our association is working on were announced.<\/div>\n<div dir=\"auto\">Once the ordinary meeting had ended, the extraordinary meeting began, during which elections were held to choose the new board of directors that will lead our association for the next four years. As no other candidates stood for election, the current board of directors, headed by Manuel Caravaca as president, Juan Albero Cobo as vice president, Pedro Manuel Fern\u00e1ndez as secretary, Crist\u00f3bal Amezcua as treasurer, and members Juan Olmo, Irene Calabria, Roc\u00edo M\u00e1rmol, Jos\u00e9 P\u00e9rez, Sergio Ortega, and Florencio Reyes, will continue to lead the association for another four years. \n\t\t<style type=\"text\/css\">\n\t\t\t#gallery-1 {\n\t\t\t\tmargin: auto;\n\t\t\t}\n\t\t\t#gallery-1 .gallery-item {\n\t\t\t\tfloat: left;\n\t\t\t\tmargin-top: 10px;\n\t\t\t\ttext-align: center;\n\t\t\t\twidth: 25%;\n\t\t\t}\n\t\t\t#gallery-1 img {\n\t\t\t\tborder: 2px solid #cfcfcf;\n\t\t\t}\n\t\t\t#gallery-1 .gallery-caption {\n\t\t\t\tmargin-left: 0;\n\t\t\t}\n\t\t\t\/* see gallery_shortcode() in wp-includes\/media.php *\/\n\t\t<\/style>\n\t\t<div id='gallery-1' class='gallery galleryid-3823 gallery-columns-4 gallery-size-thumbnail'><dl class='gallery-item'>\n\t\t\t<dt class='gallery-icon landscape'>\n\t\t\t\t<a href='https:\/\/aemoda.com\/en\/aemoda-assembly-2025\/550180687_1445141750666978_3512713002415433650_n-2\/'><img loading=\"lazy\" decoding=\"async\" width=\"150\" height=\"150\" src=\"https:\/\/aemoda.com\/wp-content\/uploads\/2025\/09\/550180687_1445141750666978_3512713002415433650_n-150x150.jpg\" class=\"attachment-thumbnail size-thumbnail\" alt=\"\" \/><\/a>\n\t\t\t<\/dt><\/dl><dl class='gallery-item'>\n\t\t\t<dt class='gallery-icon landscape'>\n\t\t\t\t<a href='https:\/\/aemoda.com\/en\/aemoda-assembly-2025\/550684220_1445141937333626_2653740153694897164_n-2\/'><img loading=\"lazy\" decoding=\"async\" width=\"150\" height=\"150\" src=\"https:\/\/aemoda.com\/wp-content\/uploads\/2025\/09\/550684220_1445141937333626_2653740153694897164_n-150x150.jpg\" class=\"attachment-thumbnail size-thumbnail\" alt=\"\" \/><\/a>\n\t\t\t<\/dt><\/dl><dl class='gallery-item'>\n\t\t\t<dt class='gallery-icon landscape'>\n\t\t\t\t<a href='https:\/\/aemoda.com\/en\/aemoda-assembly-2025\/550233394_1445141624000324_5729600432029555957_n-2\/'><img loading=\"lazy\" decoding=\"async\" width=\"150\" height=\"150\" src=\"https:\/\/aemoda.com\/wp-content\/uploads\/2025\/09\/550233394_1445141624000324_5729600432029555957_n-150x150.jpg\" class=\"attachment-thumbnail size-thumbnail\" alt=\"\" \/><\/a>\n\t\t\t<\/dt><\/dl><dl class='gallery-item'>\n\t\t\t<dt class='gallery-icon portrait'>\n\t\t\t\t<a href='https:\/\/aemoda.com\/en\/aemoda-assembly-2025\/550435990_1445141804000306_7050947711245777192_n-2\/'><img loading=\"lazy\" decoding=\"async\" width=\"150\" height=\"150\" src=\"https:\/\/aemoda.com\/wp-content\/uploads\/2025\/09\/550435990_1445141804000306_7050947711245777192_n-150x150.jpg\" class=\"attachment-thumbnail size-thumbnail\" alt=\"\" \/><\/a>\n\t\t\t<\/dt><\/dl><br style=\"clear: both\" \/>\n\t\t<\/div>\n<\/p>\n<\/div>\n","protected":false},"excerpt":{"rendered":"<p>On September 20, our association held its regular meeting, where the accounts were approved and the new projects our association is working on were announced. Once the ordinary meeting had ended, the extraordinary meeting began, during which elections were held to choose the new board of directors that will lead our association for the next [&hellip;]<\/p>\n","protected":false},"author":1,"featured_media":3820,"comment_status":"open","ping_status":"open","sticky":false,"template":"","format":"standard","meta":{"_et_pb_use_builder":"","_et_pb_old_content":"","_et_gb_content_width":"","ngg_post_thumbnail":0,"footnotes":""},"categories":[30],"tags":[],"class_list":["post-3823","post","type-post","status-publish","format-standard","has-post-thumbnail","hentry","category-news"],"yoast_head":"<!-- This site is optimized with the Yoast SEO plugin v23.1 - https:\/\/yoast.com\/wordpress\/plugins\/seo\/ -->\n<title>AEMODA Assembly 2025 - AEMODA<\/title>\n<meta name=\"description\" content=\"Regular meeting of our association where the accounts were approved and the new projects our association is working on were announced.\" \/>\n<meta name=\"robots\" content=\"index, follow, max-snippet:-1, max-image-preview:large, max-video-preview:-1\" \/>\n<link rel=\"canonical\" href=\"https:\/\/aemoda.com\/en\/aemoda-assembly-2025\/\" \/>\n<meta property=\"og:locale\" content=\"en_US\" \/>\n<meta property=\"og:type\" content=\"article\" \/>\n<meta property=\"og:title\" content=\"AEMODA Assembly 2025 - AEMODA\" \/>\n<meta property=\"og:description\" content=\"Regular meeting of our association where the accounts were approved and the new projects our association is working on were announced.\" \/>\n<meta property=\"og:url\" content=\"https:\/\/aemoda.com\/en\/aemoda-assembly-2025\/\" \/>\n<meta property=\"og:site_name\" content=\"AEMODA\" \/>\n<meta property=\"article:publisher\" content=\"https:\/\/www.facebook.com\/profile.php?id=100055135007306\" \/>\n<meta property=\"article:published_time\" content=\"2025-09-23T10:40:22+00:00\" \/>\n<meta property=\"article:modified_time\" content=\"2025-09-23T10:44:17+00:00\" \/>\n<meta property=\"og:image\" content=\"https:\/\/aemoda.com\/wp-content\/uploads\/2025\/09\/550180687_1445141750666978_3512713002415433650_n-150x150.jpg\" \/>\n<meta name=\"author\" content=\"gestor\" \/>\n<meta name=\"twitter:card\" content=\"summary_large_image\" \/>\n<meta name=\"twitter:label1\" content=\"Written by\" \/>\n\t<meta name=\"twitter:data1\" content=\"gestor\" \/>\n\t<meta name=\"twitter:label2\" content=\"Est. reading time\" \/>\n\t<meta name=\"twitter:data2\" content=\"1 minute\" \/>\n<script type=\"application\/ld+json\" class=\"yoast-schema-graph\">{\"@context\":\"https:\/\/schema.org\",\"@graph\":[{\"@type\":\"Article\",\"@id\":\"https:\/\/aemoda.com\/en\/aemoda-assembly-2025\/#article\",\"isPartOf\":{\"@id\":\"https:\/\/aemoda.com\/en\/aemoda-assembly-2025\/\"},\"author\":{\"name\":\"gestor\",\"@id\":\"https:\/\/aemoda.com\/en\/#\/schema\/person\/24b7d684912e523729541c94a08ae16e\"},\"headline\":\"AEMODA Assembly 2025\",\"datePublished\":\"2025-09-23T10:40:22+00:00\",\"dateModified\":\"2025-09-23T10:44:17+00:00\",\"mainEntityOfPage\":{\"@id\":\"https:\/\/aemoda.com\/en\/aemoda-assembly-2025\/\"},\"wordCount\":124,\"commentCount\":0,\"publisher\":{\"@id\":\"https:\/\/aemoda.com\/en\/#organization\"},\"image\":{\"@id\":\"https:\/\/aemoda.com\/en\/aemoda-assembly-2025\/#primaryimage\"},\"thumbnailUrl\":\"https:\/\/aemoda.com\/wp-content\/uploads\/2025\/09\/550435990_1445141804000306_7050947711245777192_n.jpg\",\"articleSection\":[\"News\"],\"inLanguage\":\"en-US\",\"potentialAction\":[{\"@type\":\"CommentAction\",\"name\":\"Comment\",\"target\":[\"https:\/\/aemoda.com\/en\/aemoda-assembly-2025\/#respond\"]}]},{\"@type\":\"WebPage\",\"@id\":\"https:\/\/aemoda.com\/en\/aemoda-assembly-2025\/\",\"url\":\"https:\/\/aemoda.com\/en\/aemoda-assembly-2025\/\",\"name\":\"AEMODA Assembly 2025 - AEMODA\",\"isPartOf\":{\"@id\":\"https:\/\/aemoda.com\/en\/#website\"},\"primaryImageOfPage\":{\"@id\":\"https:\/\/aemoda.com\/en\/aemoda-assembly-2025\/#primaryimage\"},\"image\":{\"@id\":\"https:\/\/aemoda.com\/en\/aemoda-assembly-2025\/#primaryimage\"},\"thumbnailUrl\":\"https:\/\/aemoda.com\/wp-content\/uploads\/2025\/09\/550435990_1445141804000306_7050947711245777192_n.jpg\",\"datePublished\":\"2025-09-23T10:40:22+00:00\",\"dateModified\":\"2025-09-23T10:44:17+00:00\",\"description\":\"Regular meeting of our association where the accounts were approved and the new projects our association is working on were announced.\",\"breadcrumb\":{\"@id\":\"https:\/\/aemoda.com\/en\/aemoda-assembly-2025\/#breadcrumb\"},\"inLanguage\":\"en-US\",\"potentialAction\":[{\"@type\":\"ReadAction\",\"target\":[\"https:\/\/aemoda.com\/en\/aemoda-assembly-2025\/\"]}]},{\"@type\":\"ImageObject\",\"inLanguage\":\"en-US\",\"@id\":\"https:\/\/aemoda.com\/en\/aemoda-assembly-2025\/#primaryimage\",\"url\":\"https:\/\/aemoda.com\/wp-content\/uploads\/2025\/09\/550435990_1445141804000306_7050947711245777192_n.jpg\",\"contentUrl\":\"https:\/\/aemoda.com\/wp-content\/uploads\/2025\/09\/550435990_1445141804000306_7050947711245777192_n.jpg\",\"width\":1536,\"height\":2048},{\"@type\":\"BreadcrumbList\",\"@id\":\"https:\/\/aemoda.com\/en\/aemoda-assembly-2025\/#breadcrumb\",\"itemListElement\":[{\"@type\":\"ListItem\",\"position\":1,\"name\":\"Portada\",\"item\":\"https:\/\/aemoda.com\/en\/home\/\"},{\"@type\":\"ListItem\",\"position\":2,\"name\":\"AEMODA Assembly 2025\"}]},{\"@type\":\"WebSite\",\"@id\":\"https:\/\/aemoda.com\/en\/#website\",\"url\":\"https:\/\/aemoda.com\/en\/\",\"name\":\"AEMODA\",\"description\":\"Asociaci\u00f3n Espa\u00f1ola de Maestros y Operarios de Almazara\",\"publisher\":{\"@id\":\"https:\/\/aemoda.com\/en\/#organization\"},\"alternateName\":\"Asociaci\u00f3n Espa\u00f1ola de Maestros y Operarios de Almazara\",\"potentialAction\":[{\"@type\":\"SearchAction\",\"target\":{\"@type\":\"EntryPoint\",\"urlTemplate\":\"https:\/\/aemoda.com\/en\/?s={search_term_string}\"},\"query-input\":\"required name=search_term_string\"}],\"inLanguage\":\"en-US\"},{\"@type\":\"Organization\",\"@id\":\"https:\/\/aemoda.com\/en\/#organization\",\"name\":\"AEMODA, Asociaci\u00f3n Espa\u00f1ola de Maestros y Operarios de Almazara\",\"alternateName\":\"Asociaci\u00f3n Espa\u00f1ola de Maestros y Operarios de Almazara\",\"url\":\"https:\/\/aemoda.com\/en\/\",\"logo\":{\"@type\":\"ImageObject\",\"inLanguage\":\"en-US\",\"@id\":\"https:\/\/aemoda.com\/en\/#\/schema\/logo\/image\/\",\"url\":\"https:\/\/aemoda.com\/wp-content\/uploads\/2023\/04\/logo_3-removebg-preview.png\",\"contentUrl\":\"https:\/\/aemoda.com\/wp-content\/uploads\/2023\/04\/logo_3-removebg-preview.png\",\"width\":816,\"height\":306,\"caption\":\"AEMODA, Asociaci\u00f3n Espa\u00f1ola de Maestros y Operarios de Almazara\"},\"image\":{\"@id\":\"https:\/\/aemoda.com\/en\/#\/schema\/logo\/image\/\"},\"sameAs\":[\"https:\/\/www.facebook.com\/profile.php?id=100055135007306\"]},{\"@type\":\"Person\",\"@id\":\"https:\/\/aemoda.com\/en\/#\/schema\/person\/24b7d684912e523729541c94a08ae16e\",\"name\":\"gestor\",\"image\":{\"@type\":\"ImageObject\",\"inLanguage\":\"en-US\",\"@id\":\"https:\/\/aemoda.com\/en\/#\/schema\/person\/image\/\",\"url\":\"https:\/\/secure.gravatar.com\/avatar\/aa1309c942c4e5f1bd49e72ada90cf604957fe4abac30a61235a580a9e4884f9?s=96&d=mm&r=g\",\"contentUrl\":\"https:\/\/secure.gravatar.com\/avatar\/aa1309c942c4e5f1bd49e72ada90cf604957fe4abac30a61235a580a9e4884f9?s=96&d=mm&r=g\",\"caption\":\"gestor\"},\"sameAs\":[\"https:\/\/aemoda.com\/nueva\"],\"url\":\"https:\/\/aemoda.com\/en\/author\/gestor\/\"}]}<\/script>\n<!-- \/ Yoast SEO plugin. -->","yoast_head_json":{"title":"AEMODA Assembly 2025 - AEMODA","description":"Regular meeting of our association where the accounts were approved and the new projects our association is working on were announced.","robots":{"index":"index","follow":"follow","max-snippet":"max-snippet:-1","max-image-preview":"max-image-preview:large","max-video-preview":"max-video-preview:-1"},"canonical":"https:\/\/aemoda.com\/en\/aemoda-assembly-2025\/","og_locale":"en_US","og_type":"article","og_title":"AEMODA Assembly 2025 - AEMODA","og_description":"Regular meeting of our association where the accounts were approved and the new projects our association is working on were announced.","og_url":"https:\/\/aemoda.com\/en\/aemoda-assembly-2025\/","og_site_name":"AEMODA","article_publisher":"https:\/\/www.facebook.com\/profile.php?id=100055135007306","article_published_time":"2025-09-23T10:40:22+00:00","article_modified_time":"2025-09-23T10:44:17+00:00","og_image":[{"url":"https:\/\/aemoda.com\/wp-content\/uploads\/2025\/09\/550180687_1445141750666978_3512713002415433650_n-150x150.jpg"}],"author":"gestor","twitter_card":"summary_large_image","twitter_misc":{"Written by":"gestor","Est. reading time":"1 minute"},"schema":{"@context":"https:\/\/schema.org","@graph":[{"@type":"Article","@id":"https:\/\/aemoda.com\/en\/aemoda-assembly-2025\/#article","isPartOf":{"@id":"https:\/\/aemoda.com\/en\/aemoda-assembly-2025\/"},"author":{"name":"gestor","@id":"https:\/\/aemoda.com\/en\/#\/schema\/person\/24b7d684912e523729541c94a08ae16e"},"headline":"AEMODA Assembly 2025","datePublished":"2025-09-23T10:40:22+00:00","dateModified":"2025-09-23T10:44:17+00:00","mainEntityOfPage":{"@id":"https:\/\/aemoda.com\/en\/aemoda-assembly-2025\/"},"wordCount":124,"commentCount":0,"publisher":{"@id":"https:\/\/aemoda.com\/en\/#organization"},"image":{"@id":"https:\/\/aemoda.com\/en\/aemoda-assembly-2025\/#primaryimage"},"thumbnailUrl":"https:\/\/aemoda.com\/wp-content\/uploads\/2025\/09\/550435990_1445141804000306_7050947711245777192_n.jpg","articleSection":["News"],"inLanguage":"en-US","potentialAction":[{"@type":"CommentAction","name":"Comment","target":["https:\/\/aemoda.com\/en\/aemoda-assembly-2025\/#respond"]}]},{"@type":"WebPage","@id":"https:\/\/aemoda.com\/en\/aemoda-assembly-2025\/","url":"https:\/\/aemoda.com\/en\/aemoda-assembly-2025\/","name":"AEMODA Assembly 2025 - AEMODA","isPartOf":{"@id":"https:\/\/aemoda.com\/en\/#website"},"primaryImageOfPage":{"@id":"https:\/\/aemoda.com\/en\/aemoda-assembly-2025\/#primaryimage"},"image":{"@id":"https:\/\/aemoda.com\/en\/aemoda-assembly-2025\/#primaryimage"},"thumbnailUrl":"https:\/\/aemoda.com\/wp-content\/uploads\/2025\/09\/550435990_1445141804000306_7050947711245777192_n.jpg","datePublished":"2025-09-23T10:40:22+00:00","dateModified":"2025-09-23T10:44:17+00:00","description":"Regular meeting of our association where the accounts were approved and the new projects our association is working on were announced.","breadcrumb":{"@id":"https:\/\/aemoda.com\/en\/aemoda-assembly-2025\/#breadcrumb"},"inLanguage":"en-US","potentialAction":[{"@type":"ReadAction","target":["https:\/\/aemoda.com\/en\/aemoda-assembly-2025\/"]}]},{"@type":"ImageObject","inLanguage":"en-US","@id":"https:\/\/aemoda.com\/en\/aemoda-assembly-2025\/#primaryimage","url":"https:\/\/aemoda.com\/wp-content\/uploads\/2025\/09\/550435990_1445141804000306_7050947711245777192_n.jpg","contentUrl":"https:\/\/aemoda.com\/wp-content\/uploads\/2025\/09\/550435990_1445141804000306_7050947711245777192_n.jpg","width":1536,"height":2048},{"@type":"BreadcrumbList","@id":"https:\/\/aemoda.com\/en\/aemoda-assembly-2025\/#breadcrumb","itemListElement":[{"@type":"ListItem","position":1,"name":"Portada","item":"https:\/\/aemoda.com\/en\/home\/"},{"@type":"ListItem","position":2,"name":"AEMODA Assembly 2025"}]},{"@type":"WebSite","@id":"https:\/\/aemoda.com\/en\/#website","url":"https:\/\/aemoda.com\/en\/","name":"AEMODA","description":"Asociaci\u00f3n Espa\u00f1ola de Maestros y Operarios de Almazara","publisher":{"@id":"https:\/\/aemoda.com\/en\/#organization"},"alternateName":"Asociaci\u00f3n Espa\u00f1ola de Maestros y Operarios de Almazara","potentialAction":[{"@type":"SearchAction","target":{"@type":"EntryPoint","urlTemplate":"https:\/\/aemoda.com\/en\/?s={search_term_string}"},"query-input":"required name=search_term_string"}],"inLanguage":"en-US"},{"@type":"Organization","@id":"https:\/\/aemoda.com\/en\/#organization","name":"AEMODA, Asociaci\u00f3n Espa\u00f1ola de Maestros y Operarios de Almazara","alternateName":"Asociaci\u00f3n Espa\u00f1ola de Maestros y Operarios de Almazara","url":"https:\/\/aemoda.com\/en\/","logo":{"@type":"ImageObject","inLanguage":"en-US","@id":"https:\/\/aemoda.com\/en\/#\/schema\/logo\/image\/","url":"https:\/\/aemoda.com\/wp-content\/uploads\/2023\/04\/logo_3-removebg-preview.png","contentUrl":"https:\/\/aemoda.com\/wp-content\/uploads\/2023\/04\/logo_3-removebg-preview.png","width":816,"height":306,"caption":"AEMODA, Asociaci\u00f3n Espa\u00f1ola de Maestros y Operarios de Almazara"},"image":{"@id":"https:\/\/aemoda.com\/en\/#\/schema\/logo\/image\/"},"sameAs":["https:\/\/www.facebook.com\/profile.php?id=100055135007306"]},{"@type":"Person","@id":"https:\/\/aemoda.com\/en\/#\/schema\/person\/24b7d684912e523729541c94a08ae16e","name":"gestor","image":{"@type":"ImageObject","inLanguage":"en-US","@id":"https:\/\/aemoda.com\/en\/#\/schema\/person\/image\/","url":"https:\/\/secure.gravatar.com\/avatar\/aa1309c942c4e5f1bd49e72ada90cf604957fe4abac30a61235a580a9e4884f9?s=96&d=mm&r=g","contentUrl":"https:\/\/secure.gravatar.com\/avatar\/aa1309c942c4e5f1bd49e72ada90cf604957fe4abac30a61235a580a9e4884f9?s=96&d=mm&r=g","caption":"gestor"},"sameAs":["https:\/\/aemoda.com\/nueva"],"url":"https:\/\/aemoda.com\/en\/author\/gestor\/"}]}},"_links":{"self":[{"href":"https:\/\/aemoda.com\/en\/wp-json\/wp\/v2\/posts\/3823","targetHints":{"allow":["GET"]}}],"collection":[{"href":"https:\/\/aemoda.com\/en\/wp-json\/wp\/v2\/posts"}],"about":[{"href":"https:\/\/aemoda.com\/en\/wp-json\/wp\/v2\/types\/post"}],"author":[{"embeddable":true,"href":"https:\/\/aemoda.com\/en\/wp-json\/wp\/v2\/users\/1"}],"replies":[{"embeddable":true,"href":"https:\/\/aemoda.com\/en\/wp-json\/wp\/v2\/comments?post=3823"}],"version-history":[{"count":1,"href":"https:\/\/aemoda.com\/en\/wp-json\/wp\/v2\/posts\/3823\/revisions"}],"predecessor-version":[{"id":3824,"href":"https:\/\/aemoda.com\/en\/wp-json\/wp\/v2\/posts\/3823\/revisions\/3824"}],"wp:featuredmedia":[{"embeddable":true,"href":"https:\/\/aemoda.com\/en\/wp-json\/wp\/v2\/media\/3820"}],"wp:attachment":[{"href":"https:\/\/aemoda.com\/en\/wp-json\/wp\/v2\/media?parent=3823"}],"wp:term":[{"taxonomy":"category","embeddable":true,"href":"https:\/\/aemoda.com\/en\/wp-json\/wp\/v2\/categories?post=3823"},{"taxonomy":"post_tag","embeddable":true,"href":"https:\/\/aemoda.com\/en\/wp-json\/wp\/v2\/tags?post=3823"}],"curies":[{"name":"wp","href":"https:\/\/api.w.org\/{rel}","templated":true}]}}